{"id":25,"date":"2024-02-06T09:34:05","date_gmt":"2024-02-06T08:34:05","guid":{"rendered":"https:\/\/userblogs.fu-berlin.de\/afibinbreslau2024\/?p=25"},"modified":"2024-02-06T09:34:51","modified_gmt":"2024-02-06T08:34:51","slug":"die-sprachreise","status":"publish","type":"post","link":"https:\/\/userblogs.fu-berlin.de\/afibinbreslau2024\/2024\/02\/06\/die-sprachreise\/","title":{"rendered":"Die Sprachreise"},"content":{"rendered":"\n<p><strong>In diesem Jahr entsendet der&nbsp;<a rel=\"noreferrer noopener\" href=\"https:\/\/www.afib-it.de\" target=\"_blank\">afib&nbsp;<\/a>(Ausbildungsverbund Fachinformatik Berlin) seine Fachinformatik-Azubis auf eine Sprachreise und setzt im Raum Berlin\/Brandenburg abermals ein Zeichen zur Steigerung der Qualit\u00e4t in der IT-Ausbildung. Die angehenden Fachinformatiker\/innen des Lehrjahres 2023 sind Teil einer Gruppe mehrerer Auszubildenden, die Ende M\u00e4rz 2024 einen zweiw\u00f6chigen Sprachaufenthalt in Breslau\/Polen verbringen werden.<\/strong>&nbsp;<\/p>\n\n\n\n<figure class=\"wp-block-image size-full is-resized\"><img loading=\"lazy\" decoding=\"async\" src=\"https:\/\/userblogs.fu-berlin.de\/afibinbreslau2024\/files\/2024\/02\/breslau.jpg\" alt=\"\" class=\"wp-image-7\" width=\"195\" height=\"175\" srcset=\"https:\/\/userblogs.fu-berlin.de\/afibinbreslau2024\/files\/2024\/02\/breslau.jpg 636w, https:\/\/userblogs.fu-berlin.de\/afibinbreslau2024\/files\/2024\/02\/breslau-300x271.jpg 300w\" sizes=\"auto, (max-width: 195px) 85vw, 195px\" \/><\/figure>\n\n\n\n<p>Der afib hatte schon im Jahr 2008 in enger Kooperation mit dem Oberstufenzentrum f\u00fcr Informations- und Medizintechnik (<a href=\"https:\/\/www.oszimt.de\" target=\"_blank\" rel=\"noreferrer noopener\">OSZ IMT<\/a>), der&nbsp;<a href=\"https:\/\/www.strato-ausbildung.de\/\" target=\"_blank\" rel=\"noreferrer noopener\">STRATO AG<\/a>, der&nbsp;<a href=\"https:\/\/www.telekom.com\/karriere\/Schueler\/ausbildungsberufe\/38608\" target=\"_blank\" rel=\"noreferrer noopener\">Deutschen Telekom&nbsp;<\/a>und dem Institut f\u00fcr lebenslanges Lernen in Europa (ILE-Berlin) das Projekt \u201cEuropaerfahrung f\u00fcr Azubis in IT-Berufen\u201c (E-FAIT) initiiert und 14 Fachinformatik-Auszubildende nach Irland entsandt.<\/p>\n\n\n\n<p>Auch das diesj\u00e4hrige Projekt \u201cGreen Travel Project\u201d wird im Rahmen der Mobilit\u00e4ts-Ma\u00dfnahme des EU-Bildungsprogramms ERASMUS+ durchgef\u00fchrt, welches u.a. Vermittlungs- und Austauschprojekte f\u00fcr Personen in der beruflichen Erstausbildung f\u00f6rdert. Ziel der Ma\u00dfnahme ist die \u201cF\u00f6rderung der grenz\u00fcberschreitenden Mobilit\u00e4t von Menschen in Berufsausbildung, insbesondere jungen Menschen\u201d. Unseren Auszubildenden erm\u00f6glicht diese Sprachreise, ihre englischprachlichen Kenntnisse zu erproben und zu erweitern. Durch die Begegnung mit Menschen aus anderen L\u00e4ndern k\u00f6nnen sie ihre so genannten Schl\u00fcsselqualifikationen erweitern \u2013 beispielsweise Kommunikations- und Kooperationsf\u00e4higkeit, Toleranz, Offenheit, Anpassungsf\u00e4higkeit und Kenntnisse \u00fcber andere Lebensweisen. Diese Zusatzqualifizierung erm\u00f6glicht bei sp\u00e4teren Bewerbungen einen leichteren Einstieg in den regionalen, nationalen oder internationalen Arbeitsmarkt. In diesem Webtagebuch berichten die \u201cBreslau-Azubis\u201d regelm\u00e4\u00dfig \u00fcber Ihre Erfahrungen und Erlebnisse w\u00e4hrend der Sprachreise.<\/p>\n","protected":false},"excerpt":{"rendered":"<p>In diesem Jahr entsendet der&nbsp;afib&nbsp;(Ausbildungsverbund Fachinformatik Berlin) seine Fachinformatik-Azubis auf eine Sprachreise und setzt im Raum Berlin\/Brandenburg abermals ein Zeichen zur Steigerung der Qualit\u00e4t in der IT-Ausbildung. Die angehenden Fachinformatiker\/innen des Lehrjahres 2023 sind Teil einer Gruppe mehrerer Auszubildenden, die Ende M\u00e4rz 2024 einen zweiw\u00f6chigen Sprachaufenthalt in Breslau\/Polen verbringen werden.&nbsp; Der afib hatte schon im &hellip; <a href=\"https:\/\/userblogs.fu-berlin.de\/afibinbreslau2024\/2024\/02\/06\/die-sprachreise\/\" class=\"more-link\"><span class=\"screen-reader-text\">\u201eDie Sprachreise\u201c<\/span> weiterlesen<\/a><\/p>\n","protected":false},"author":706,"featured_media":0,"comment_status":"open","ping_status":"open","sticky":false,"template":"","format":"standard","meta":{"footnotes":""},"categories":[91],"tags":[],"class_list":["post-25","post","type-post","status-publish","format-standard","hentry","category-allgemein"],"_links":{"self":[{"href":"https:\/\/userblogs.fu-berlin.de\/afibinbreslau2024\/wp-json\/wp\/v2\/posts\/25","targetHints":{"allow":["GET"]}}],"collection":[{"href":"https:\/\/userblogs.fu-berlin.de\/afibinbreslau2024\/wp-json\/wp\/v2\/posts"}],"about":[{"href":"https:\/\/userblogs.fu-berlin.de\/afibinbreslau2024\/wp-json\/wp\/v2\/types\/post"}],"author":[{"embeddable":true,"href":"https:\/\/userblogs.fu-berlin.de\/afibinbreslau2024\/wp-json\/wp\/v2\/users\/706"}],"replies":[{"embeddable":true,"href":"https:\/\/userblogs.fu-berlin.de\/afibinbreslau2024\/wp-json\/wp\/v2\/comments?post=25"}],"version-history":[{"count":4,"href":"https:\/\/userblogs.fu-berlin.de\/afibinbreslau2024\/wp-json\/wp\/v2\/posts\/25\/revisions"}],"predecessor-version":[{"id":164,"href":"https:\/\/userblogs.fu-berlin.de\/afibinbreslau2024\/wp-json\/wp\/v2\/posts\/25\/revisions\/164"}],"wp:attachment":[{"href":"https:\/\/userblogs.fu-berlin.de\/afibinbreslau2024\/wp-json\/wp\/v2\/media?parent=25"}],"wp:term":[{"taxonomy":"category","embeddable":true,"href":"https:\/\/userblogs.fu-berlin.de\/afibinbreslau2024\/wp-json\/wp\/v2\/categories?post=25"},{"taxonomy":"post_tag","embeddable":true,"href":"https:\/\/userblogs.fu-berlin.de\/afibinbreslau2024\/wp-json\/wp\/v2\/tags?post=25"}],"curies":[{"name":"wp","href":"https:\/\/api.w.org\/{rel}","templated":true}]}}