{"id":23,"date":"2015-03-16T15:31:56","date_gmt":"2015-03-16T15:31:56","guid":{"rendered":"https:\/\/userblogs.fu-berlin.de\/afibinchina2015\/?p=23"},"modified":"2015-03-19T14:02:29","modified_gmt":"2015-03-19T14:02:29","slug":"das-auslandspraktikum","status":"publish","type":"post","link":"https:\/\/userblogs.fu-berlin.de\/afibinchina2015\/2015\/03\/16\/das-auslandspraktikum\/","title":{"rendered":"Das Auslandspraktikum"},"content":{"rendered":"<p>Mit der Entsendung von Fachinformatik-Azubis in ein Auslandspraktikum setzt der\u00a0<a title=\"afib\" href=\"https:\/\/www.afib-it.de\" target=\"_blank\">afib\u00a0<\/a>(Ausbildungsverbund Fachinformatik Berlin) im Raum Berlin\/Brandenburg wieder ein weiteres Zeichen zur Steigerung der Qualit\u00e4t in der IT-Ausbild<span style=\"color: #000000\">ung. Zwei angehende Fachinformatiker des Lehrjahres 2013 werden ab 04.04.2015 einen achtw\u00f6chigen Auslandsaufenthalt in Beijing(China) verbringen.<\/span><\/p>\n<p><a href=\"https:\/\/userblogs.fu-berlin.de\/afibinchina2015\/files\/2015\/03\/Beijing-Map-China.jpg\"><img loading=\"lazy\" decoding=\"async\" class=\"alignnone wp-image-26 size-medium\" src=\"https:\/\/userblogs.fu-berlin.de\/afibinchina2015\/files\/2015\/03\/Beijing-Map-China-300x284.jpg\" alt=\"China\" width=\"300\" height=\"284\" srcset=\"https:\/\/userblogs.fu-berlin.de\/afibinchina2015\/files\/2015\/03\/Beijing-Map-China-300x284.jpg 300w, https:\/\/userblogs.fu-berlin.de\/afibinchina2015\/files\/2015\/03\/Beijing-Map-China-200x189.jpg 200w, https:\/\/userblogs.fu-berlin.de\/afibinchina2015\/files\/2015\/03\/Beijing-Map-China.jpg 450w\" sizes=\"auto, (max-width: 300px) 85vw, 300px\" \/><\/a><\/p>\n<p>Der afib hatte schon im Jahr 2008 in enger Kooperation mit dem Oberstufenzentrum f\u00fcr Informations- und Medizintechnik (<a title=\"OSZ IMT\" href=\"https:\/\/www.oszimt.de\" target=\"_blank\">OSZ IMT<\/a>), der\u00a0<a title=\"Ausbildung bei STRATO\" href=\"https:\/\/www.strato-ausbildung.de\/\" target=\"_blank\">STRATO AG<\/a>, der\u00a0<a title=\"Ausbildung bei der Deutschen Telekom\" href=\"https:\/\/www.telekom.com\/karriere\/Schueler\/ausbildungsberufe\/38608\" target=\"_blank\">Deutschen Telekom\u00a0<\/a>und dem Institut f\u00fcr lebenslanges Lernen in Europa (ILE-Berlin) das Projekt \u201cEuropaerfahrung f\u00fcr Azubis in IT-Berufen\u201c (E-FAIT) initiiert und 14 Fachinformatik-Auszubildende nach Irland entsandt.<\/p>\n<p>Auch die diesj\u00e4hrige Ma\u00dfnahme hat das Ziel der \u201cF\u00f6rderung der grenz\u00fcberschreitenden Mobilit\u00e4t von Menschen in Berufsausbildung, insbesondere jungen Menschen\u201d.<br \/>\nUnseren Auszubildenden erm\u00f6glicht das Auslandspraktikum, ihre Kenntnisse und F\u00e4higkeiten im konkreten Arbeitsumfeld zu erproben und zu erweitern.<\/p>\n<p>Durch die Begegnung mit Menschen aus anderen L\u00e4ndern k\u00f6nnen sie ihre so genannten Schl\u00fcsselqualifikationen erweitern \u2013 beispielsweise Kommunikations- und Kooperationsf\u00e4higkeit, Toleranz, Offenheit, Anpassungsf\u00e4higkeit und Kenntnisse \u00fcber andere Lebensweisen. Diese Zusatzqualifizierung erm\u00f6glicht bei sp\u00e4teren Bewerbungen einen leichteren Einstieg in den regionalen, nationalen oder internationalen Arbeitsmarkt.<br \/>\nEine weitere Qualifizierung erwartet die China-Besucher bei deren R\u00fcckkehr. Sie erhalten nach einer Pr\u00fcfung ihrer Englischkenntnisse ein europaweit anerkanntes telc-Spra<span style=\"color: #000000\">chenzertifikat.<\/span><\/p>\n<p><span style=\"color: #000000\">In diesem Webtagebuch berichten die \u201cChina-Azubis\u201d regelm\u00e4\u00dfig \u00fcber Ihre Erfahrungen und Erlebnisse w\u00e4hrend des Auslands-Praktikums.<\/span><\/p>\n","protected":false},"excerpt":{"rendered":"<p>Mit der Entsendung von Fachinformatik-Azubis in ein Auslandspraktikum setzt der\u00a0afib\u00a0(Ausbildungsverbund Fachinformatik Berlin) im Raum Berlin\/Brandenburg wieder ein weiteres Zeichen zur Steigerung der Qualit\u00e4t in der IT-Ausbildung. Zwei angehende Fachinformatiker des Lehrjahres 2013 werden ab 04.04.2015 einen achtw\u00f6chigen Auslandsaufenthalt in Beijing(China) verbringen. Der afib hatte schon im Jahr 2008 in enger Kooperation mit dem Oberstufenzentrum f\u00fcr &hellip; <a href=\"https:\/\/userblogs.fu-berlin.de\/afibinchina2015\/2015\/03\/16\/das-auslandspraktikum\/\" class=\"more-link\"><span class=\"screen-reader-text\">\u201eDas Auslandspraktikum\u201c<\/span> weiterlesen<\/a><\/p>\n","protected":false},"author":706,"featured_media":0,"comment_status":"open","ping_status":"open","sticky":false,"template":"","format":"standard","meta":{"footnotes":""},"categories":[91],"tags":[],"class_list":["post-23","post","type-post","status-publish","format-standard","hentry","category-allgemein"],"_links":{"self":[{"href":"https:\/\/userblogs.fu-berlin.de\/afibinchina2015\/wp-json\/wp\/v2\/posts\/23","targetHints":{"allow":["GET"]}}],"collection":[{"href":"https:\/\/userblogs.fu-berlin.de\/afibinchina2015\/wp-json\/wp\/v2\/posts"}],"about":[{"href":"https:\/\/userblogs.fu-berlin.de\/afibinchina2015\/wp-json\/wp\/v2\/types\/post"}],"author":[{"embeddable":true,"href":"https:\/\/userblogs.fu-berlin.de\/afibinchina2015\/wp-json\/wp\/v2\/users\/706"}],"replies":[{"embeddable":true,"href":"https:\/\/userblogs.fu-berlin.de\/afibinchina2015\/wp-json\/wp\/v2\/comments?post=23"}],"version-history":[{"count":6,"href":"https:\/\/userblogs.fu-berlin.de\/afibinchina2015\/wp-json\/wp\/v2\/posts\/23\/revisions"}],"predecessor-version":[{"id":30,"href":"https:\/\/userblogs.fu-berlin.de\/afibinchina2015\/wp-json\/wp\/v2\/posts\/23\/revisions\/30"}],"wp:attachment":[{"href":"https:\/\/userblogs.fu-berlin.de\/afibinchina2015\/wp-json\/wp\/v2\/media?parent=23"}],"wp:term":[{"taxonomy":"category","embeddable":true,"href":"https:\/\/userblogs.fu-berlin.de\/afibinchina2015\/wp-json\/wp\/v2\/categories?post=23"},{"taxonomy":"post_tag","embeddable":true,"href":"https:\/\/userblogs.fu-berlin.de\/afibinchina2015\/wp-json\/wp\/v2\/tags?post=23"}],"curies":[{"name":"wp","href":"https:\/\/api.w.org\/{rel}","templated":true}]}}