{"id":5,"date":"2010-01-28T13:46:13","date_gmt":"2010-01-28T12:46:13","guid":{"rendered":"https:\/\/userblogs.fu-berlin.de\/afibinirland2010\/2010\/01\/28\/5\/"},"modified":"2010-02-12T12:37:56","modified_gmt":"2010-02-12T11:37:56","slug":"5","status":"publish","type":"post","link":"https:\/\/userblogs.fu-berlin.de\/afibinirland2010\/2010\/01\/28\/5\/","title":{"rendered":"Das Auslandspraktikum"},"content":{"rendered":"<p style=\"text-align: left\"><strong>Mit der Entsendung von Fachinformatik-Azubis in ein Auslandspraktikum setzt der afib (Ausbildungsverbund Fachinformatik Berlin) im Raum Berlin\/Brandenburg nun im zweiten Jahr einen weiteren Meilenstein zur Steigerung der Qualit\u00e4t in der IT-Ausbildung. Die afib-Azubis des Lehrjahres 2009 sind Teil einer Gruppe von ca. 30 Auszubildenden, die ab Mai 2010 einen achtw\u00f6chigen Auslandsaufenthalt in Irland verbringen.<\/strong><\/p>\n<p style=\"text-align: center\"><strong><img loading=\"lazy\" decoding=\"async\" class=\"size-medium wp-image-18   aligncenter\" src=\"https:\/\/userblogs.fu-berlin.de\/afibinirland2010\/files\/2010\/01\/irlandmap-300x282.gif\" alt=\"Irland\" width=\"300\" height=\"282\" srcset=\"https:\/\/userblogs.fu-berlin.de\/afibinirland2010\/files\/2010\/01\/irlandmap-300x282.gif 300w, https:\/\/userblogs.fu-berlin.de\/afibinirland2010\/files\/2010\/01\/irlandmap.gif 528w\" sizes=\"auto, (max-width: 300px) 85vw, 300px\" \/><\/strong><\/p>\n<p style=\"text-align: right\"><!--more--><\/p>\n<p style=\"text-align: left\">Der afib hatte bereits im Jahr 2008 in enger Kooperation mit dem Oberstufenzentrum f\u00fcr  Informations- und Medizintechnik (OSZ IMT), der Firma STRATO, der  Deutschen Telekom und dem Institut f\u00fcr lebenslanges Lernen in Europa  (ILE-Berlin) das Projekt \u201cEuropaerfahrung f\u00fcr Azubis in IT-Berufen\u201c  (E-FAIT) initiiert und 14 Fachinformatik-Auszubildende nach Irland entsandt.<\/p>\n<p style=\"text-align: left\">Auch das diesj\u00e4hrige Projekt &#8222;Training European Competences for IT-Professionals&#8220; (TEC-IT) wird im Rahmen der  Mobilit\u00e4ts-Ma\u00dfnahme des EU-Bildungsprogramms LEONARDO DA VINCI  durchgef\u00fchrt, welches u.a. Vermittlungs- und Austauschprojekte f\u00fcr  Personen in der beruflichen Erstausbildung f\u00f6rdert. Ziel der Ma\u00dfnahme  ist die &#8222;F\u00f6rderung der grenz\u00fcberschreitenden Mobilit\u00e4t von Menschen in  Berufsausbildung, insbesondere jungen Menschen&#8220;.<br \/>\nUnseren  Auszubildenden erm\u00f6glicht das Auslandspraktikum, ihre Kenntnisse und  F\u00e4higkeiten im konkreten Arbeitsumfeld zu erproben und zu erweitern.<\/p>\n<p style=\"text-align: left\">Durch die Begegnung mit Menschen aus anderen L\u00e4ndern k\u00f6nnen sie ihre so  genannten Schl\u00fcsselqualifikationen erweitern &#8211; beispielsweise  Kommunikations- und Kooperationsf\u00e4higkeit, Toleranz, Offenheit,  Anpassungsf\u00e4higkeit und Kenntnisse \u00fcber andere Lebensweisen. Diese  Zusatzqualifizierung erm\u00f6glicht bei sp\u00e4teren  Bewerbungen einen  leichteren Einstieg in den regionalen, nationalen oder internationalen  Arbeitsmarkt.<\/p>\n<p style=\"text-align: left\">Eine weitere Qualifizierung erwartet die  Irland-Besucher bei deren R\u00fcckkehr. Sie erhalten nach einer Pr\u00fcfung  ihrer Englischkenntnisse ein europaweit anerkanntes  telc-Sprachenzertifikat.<\/p>\n<p style=\"text-align: left\">In diesem Webtagebuch berichten die  &#8222;Irland-Azubis&#8220; regelm\u00e4\u00dfig \u00fcber Ihre Erfahrungen und Erlebnisse w\u00e4hrend  des Auslands-Praktikums.<\/p>\n","protected":false},"excerpt":{"rendered":"<p>Mit der Entsendung von Fachinformatik-Azubis in ein Auslandspraktikum setzt der afib (Ausbildungsverbund Fachinformatik Berlin) im Raum Berlin\/Brandenburg nun im zweiten Jahr einen weiteren Meilenstein zur Steigerung der Qualit\u00e4t in der IT-Ausbildung. Die afib-Azubis des Lehrjahres 2009 sind Teil einer Gruppe von ca. 30 Auszubildenden, die ab Mai 2010 einen achtw\u00f6chigen Auslandsaufenthalt in Irland verbringen.<\/p>\n","protected":false},"author":706,"featured_media":0,"comment_status":"closed","ping_status":"closed","sticky":true,"template":"","format":"standard","meta":{"footnotes":""},"categories":[1,166,165],"tags":[168,19480,19479,167],"class_list":["post-5","post","type-post","status-publish","format-standard","hentry","category-allgemein","category-belfast","category-dublin","tag-afib","tag-belfast","tag-dublin","tag-irland"],"_links":{"self":[{"href":"https:\/\/userblogs.fu-berlin.de\/afibinirland2010\/wp-json\/wp\/v2\/posts\/5","targetHints":{"allow":["GET"]}}],"collection":[{"href":"https:\/\/userblogs.fu-berlin.de\/afibinirland2010\/wp-json\/wp\/v2\/posts"}],"about":[{"href":"https:\/\/userblogs.fu-berlin.de\/afibinirland2010\/wp-json\/wp\/v2\/types\/post"}],"author":[{"embeddable":true,"href":"https:\/\/userblogs.fu-berlin.de\/afibinirland2010\/wp-json\/wp\/v2\/users\/706"}],"replies":[{"embeddable":true,"href":"https:\/\/userblogs.fu-berlin.de\/afibinirland2010\/wp-json\/wp\/v2\/comments?post=5"}],"version-history":[{"count":16,"href":"https:\/\/userblogs.fu-berlin.de\/afibinirland2010\/wp-json\/wp\/v2\/posts\/5\/revisions"}],"predecessor-version":[{"id":6,"href":"https:\/\/userblogs.fu-berlin.de\/afibinirland2010\/wp-json\/wp\/v2\/posts\/5\/revisions\/6"}],"wp:attachment":[{"href":"https:\/\/userblogs.fu-berlin.de\/afibinirland2010\/wp-json\/wp\/v2\/media?parent=5"}],"wp:term":[{"taxonomy":"category","embeddable":true,"href":"https:\/\/userblogs.fu-berlin.de\/afibinirland2010\/wp-json\/wp\/v2\/categories?post=5"},{"taxonomy":"post_tag","embeddable":true,"href":"https:\/\/userblogs.fu-berlin.de\/afibinirland2010\/wp-json\/wp\/v2\/tags?post=5"}],"curies":[{"name":"wp","href":"https:\/\/api.w.org\/{rel}","templated":true}]}}