{"id":1897,"date":"2013-03-18T13:19:32","date_gmt":"2013-03-18T13:19:32","guid":{"rendered":"https:\/\/userblogs.fu-berlin.de\/afibinirland2013\/?p=1897"},"modified":"2013-03-18T13:34:21","modified_gmt":"2013-03-18T13:34:21","slug":"irland-ich-komme","status":"publish","type":"post","link":"https:\/\/userblogs.fu-berlin.de\/afibinirland2013\/2013\/03\/18\/irland-ich-komme\/","title":{"rendered":"Irland ich komme"},"content":{"rendered":"<p>Hallo Leute,<\/p>\n<p>in 3 Wochen geht es endlich los. Dieser Blogeintrag zeigt euch was ich mir von der Reise erwarte und wo es f\u00fcr mich hingeht.<br \/>\nWir werden am 06.04.2013 mit der irischen Fluggesellschaft Aerlingus nach Dublin fliegen.<\/p>\n<figure style=\"width: 1600px\" class=\"wp-caption alignnone\"><img loading=\"lazy\" decoding=\"async\" src=\"https:\/\/upload.wikimedia.org\/wikipedia\/commons\/d\/d1\/Aerlingus.a320-200.ei-cvb.bristol.arp.jpg\" alt=\"\" width=\"1600\" height=\"1027\" \/><figcaption class=\"wp-caption-text\">Foto von https:\/\/commons.wikimedia.org\/wiki\/User:Arpingstone<\/figcaption><\/figure>\n<p>Ich hoffe das ich in Irland mein Englisch um einiges verbessern kann. Au\u00dferdem erhoffe ich mir eine sch\u00f6ne Zeit in dem Betrieb und das ich dort viele neue Sachen lerne. Es werden zwei gro\u00dfartige Monate mit viel Spa\u00df und vielen Erfahrungen.<\/p>\n<p>Ansonsten lassen wir uns mal \u00fcberraschen was man so alles dort erlebt.<\/p>\n<div class=\"lyte-wrapper\" style=\"width:640px;max-width:100%;margin:5px;\"><div class=\"lyMe\" id=\"WYL_v6Ee-E088JI\"><div id=\"lyte_v6Ee-E088JI\" data-src=\"https:\/\/userblogs.fu-berlin.de\/afibinirland2013\/wp-content\/plugins\/wp-youtube-lyte\/lyteCache.php?origThumbUrl=%2F%2Fi.ytimg.com%2Fvi%2Fv6Ee-E088JI%2Fhqdefault.jpg\" class=\"pL\"><div class=\"tC\"><div class=\"tT\"><\/div><\/div><div class=\"play\"><\/div><div class=\"ctrl\"><div class=\"Lctrl\"><\/div><div class=\"Rctrl\"><\/div><\/div><\/div><noscript><a href=\"https:\/\/youtu.be\/v6Ee-E088JI\" rel=\"nofollow\"><img loading=\"lazy\" decoding=\"async\" src=\"https:\/\/userblogs.fu-berlin.de\/afibinirland2013\/wp-content\/plugins\/wp-youtube-lyte\/lyteCache.php?origThumbUrl=https%3A%2F%2Fi.ytimg.com%2Fvi%2Fv6Ee-E088JI%2F0.jpg\" alt=\"YouTube-Video-Thumbnail\" width=\"640\" height=\"340\" \/><br \/>Dieses Video auf YouTube ansehen<\/a><\/noscript><\/div><\/div><div class=\"lL\" style=\"max-width:100%;width:640px;margin:5px;\"><br\/><span class=\"lyte_disclaimer\">ACHTUNG: Daten nach YouTube werden erst beim Abspielen des Videos \u00fcbertragen.<\/span><\/div><br \/>\nHier ein kleines Video von Dublin, wo wir die 2 Monate arbeiten und untergebracht sind.<\/p>\n<p>Bis sp\u00e4ter<\/p>\n<p>&nbsp;<\/p>\n","protected":false},"excerpt":{"rendered":"<p>Hallo Leute, in 3 Wochen geht es endlich los. Dieser Blogeintrag zeigt euch was ich mir von der Reise erwarte und wo es f\u00fcr mich hingeht. Wir werden am 06.04.2013 mit der irischen Fluggesellschaft Aerlingus nach Dublin fliegen. Ich hoffe das ich in Irland mein Englisch um einiges verbessern kann. Au\u00dferdem erhoffe ich mir eine &hellip; <a href=\"https:\/\/userblogs.fu-berlin.de\/afibinirland2013\/2013\/03\/18\/irland-ich-komme\/\" class=\"more-link\"><span class=\"screen-reader-text\">\u201eIrland ich komme\u201c<\/span> weiterlesen<\/a><\/p>\n","protected":false},"author":1451,"featured_media":0,"comment_status":"open","ping_status":"open","sticky":false,"template":"","format":"standard","meta":{"footnotes":""},"categories":[91],"tags":[165],"class_list":["post-1897","post","type-post","status-publish","format-standard","hentry","category-allgemein","tag-dublin"],"_links":{"self":[{"href":"https:\/\/userblogs.fu-berlin.de\/afibinirland2013\/wp-json\/wp\/v2\/posts\/1897","targetHints":{"allow":["GET"]}}],"collection":[{"href":"https:\/\/userblogs.fu-berlin.de\/afibinirland2013\/wp-json\/wp\/v2\/posts"}],"about":[{"href":"https:\/\/userblogs.fu-berlin.de\/afibinirland2013\/wp-json\/wp\/v2\/types\/post"}],"author":[{"embeddable":true,"href":"https:\/\/userblogs.fu-berlin.de\/afibinirland2013\/wp-json\/wp\/v2\/users\/1451"}],"replies":[{"embeddable":true,"href":"https:\/\/userblogs.fu-berlin.de\/afibinirland2013\/wp-json\/wp\/v2\/comments?post=1897"}],"version-history":[{"count":5,"href":"https:\/\/userblogs.fu-berlin.de\/afibinirland2013\/wp-json\/wp\/v2\/posts\/1897\/revisions"}],"predecessor-version":[{"id":1968,"href":"https:\/\/userblogs.fu-berlin.de\/afibinirland2013\/wp-json\/wp\/v2\/posts\/1897\/revisions\/1968"}],"wp:attachment":[{"href":"https:\/\/userblogs.fu-berlin.de\/afibinirland2013\/wp-json\/wp\/v2\/media?parent=1897"}],"wp:term":[{"taxonomy":"category","embeddable":true,"href":"https:\/\/userblogs.fu-berlin.de\/afibinirland2013\/wp-json\/wp\/v2\/categories?post=1897"},{"taxonomy":"post_tag","embeddable":true,"href":"https:\/\/userblogs.fu-berlin.de\/afibinirland2013\/wp-json\/wp\/v2\/tags?post=1897"}],"curies":[{"name":"wp","href":"https:\/\/api.w.org\/{rel}","templated":true}]}}