{"id":1898,"date":"2013-03-18T13:08:46","date_gmt":"2013-03-18T13:08:46","guid":{"rendered":"https:\/\/userblogs.fu-berlin.de\/afibinirland2013\/?p=1898"},"modified":"2013-03-19T12:35:35","modified_gmt":"2013-03-19T12:35:35","slug":"erwartungen-an-irland","status":"publish","type":"post","link":"https:\/\/userblogs.fu-berlin.de\/afibinirland2013\/2013\/03\/18\/erwartungen-an-irland\/","title":{"rendered":"Erwartungen an Irland"},"content":{"rendered":"<p style=\"text-align: left\">Im Zuge der Blog-Vorbereitung hier ein kleiner Einblick in die<br \/>\n&#8222;ersten gro\u00dfen Taten&#8220; in Irland.<\/p>\n<p style=\"text-align: left\">Nat\u00fcrlich sehen wir zu erst den Flughafen und anschlie\u00dfen die &#8222;Schlafgelegenheit&#8220;. Diese sehen dann unterumst\u00e4nden auch so aus:<\/p>\n<figure style=\"width: 800px\" class=\"wp-caption alignnone\"><img loading=\"lazy\" decoding=\"async\" src=\"https:\/\/upload.wikimedia.org\/wikipedia\/commons\/thumb\/d\/db\/Maidu_hut_recreation_-_Maidu_Interpretive_Center.jpg\/800px-Maidu_hut_recreation_-_Maidu_Interpretive_Center.jpg\" alt=\"Hier sollte eigentlich eine H\u00fctte zu sehen sein :\/\" width=\"800\" height=\"454\" \/><figcaption class=\"wp-caption-text\">Bild von J.Smith - https:\/\/commons.wikimedia.org\/wiki\/File:Maidu_hut_recreation_-_Maidu_Interpretive_Center.jpg<\/figcaption><\/figure>\n<p style=\"text-align: left\">\n<p style=\"text-align: left\">Wohin es danach geht steht noch offen. Allerdings kommen wir am Wochenende (Samstag) an, sodass es sich vielleicht anbietet, sich die Umgebung genauer anzuschauen &#8211; je nach dem wie fit ich nach der Ankunft noch bin. Ansonsten steht wahrscheinlich ausschlafen auf dem Programm.<\/p>\n<p style=\"text-align: left\">Sp\u00e4ter will ich mir definitiv die gr\u00fcnen Felder anschauen, die man aus dem TV kennt. Au\u00dferdem verkosten sich die getr\u00e4nke auch nicht von selbst.<\/p>\n<div class=\"lyte-wrapper\" style=\"width:640px;max-width:100%;margin:5px;\"><div class=\"lyMe\" id=\"WYL_2iUPb7y0hgE\"><div id=\"lyte_2iUPb7y0hgE\" data-src=\"https:\/\/userblogs.fu-berlin.de\/afibinirland2013\/wp-content\/plugins\/wp-youtube-lyte\/lyteCache.php?origThumbUrl=%2F%2Fi.ytimg.com%2Fvi%2F2iUPb7y0hgE%2Fhqdefault.jpg\" class=\"pL\"><div class=\"tC\"><div class=\"tT\"><\/div><\/div><div class=\"play\"><\/div><div class=\"ctrl\"><div class=\"Lctrl\"><\/div><div class=\"Rctrl\"><\/div><\/div><\/div><noscript><a href=\"https:\/\/youtu.be\/2iUPb7y0hgE\" rel=\"nofollow\"><img loading=\"lazy\" decoding=\"async\" src=\"https:\/\/userblogs.fu-berlin.de\/afibinirland2013\/wp-content\/plugins\/wp-youtube-lyte\/lyteCache.php?origThumbUrl=https%3A%2F%2Fi.ytimg.com%2Fvi%2F2iUPb7y0hgE%2F0.jpg\" alt=\"YouTube-Video-Thumbnail\" width=\"640\" height=\"340\" \/><br \/>Dieses Video auf YouTube ansehen<\/a><\/noscript><\/div><\/div><div class=\"lL\" style=\"max-width:100%;width:640px;margin:5px;\"><br\/><span class=\"lyte_disclaimer\">ACHTUNG: Daten nach YouTube werden erst beim Abspielen des Videos \u00fcbertragen.<\/span><\/div><\/p>\n<p>Mehr kommt sp\u00e4ter.<\/p>\n<p style=\"text-align: left\">Stefan<\/p>\n<p style=\"text-align: left\">\n","protected":false},"excerpt":{"rendered":"<p>Im Zuge der Blog-Vorbereitung hier ein kleiner Einblick in die &#8222;ersten gro\u00dfen Taten&#8220; in Irland. Nat\u00fcrlich sehen wir zu erst den Flughafen und anschlie\u00dfen die &#8222;Schlafgelegenheit&#8220;. Diese sehen dann unterumst\u00e4nden auch so aus: Wohin es danach geht steht noch offen. Allerdings kommen wir am Wochenende (Samstag) an, sodass es sich vielleicht anbietet, sich die Umgebung &hellip; <a href=\"https:\/\/userblogs.fu-berlin.de\/afibinirland2013\/2013\/03\/18\/erwartungen-an-irland\/\" class=\"more-link\"><span class=\"screen-reader-text\">\u201eErwartungen an Irland\u201c<\/span> weiterlesen<\/a><\/p>\n","protected":false},"author":1429,"featured_media":0,"comment_status":"open","ping_status":"open","sticky":false,"template":"","format":"standard","meta":{"footnotes":""},"categories":[91],"tags":[191,167],"class_list":["post-1898","post","type-post","status-publish","format-standard","hentry","category-allgemein","tag-erwartungen","tag-irland"],"_links":{"self":[{"href":"https:\/\/userblogs.fu-berlin.de\/afibinirland2013\/wp-json\/wp\/v2\/posts\/1898","targetHints":{"allow":["GET"]}}],"collection":[{"href":"https:\/\/userblogs.fu-berlin.de\/afibinirland2013\/wp-json\/wp\/v2\/posts"}],"about":[{"href":"https:\/\/userblogs.fu-berlin.de\/afibinirland2013\/wp-json\/wp\/v2\/types\/post"}],"author":[{"embeddable":true,"href":"https:\/\/userblogs.fu-berlin.de\/afibinirland2013\/wp-json\/wp\/v2\/users\/1429"}],"replies":[{"embeddable":true,"href":"https:\/\/userblogs.fu-berlin.de\/afibinirland2013\/wp-json\/wp\/v2\/comments?post=1898"}],"version-history":[{"count":14,"href":"https:\/\/userblogs.fu-berlin.de\/afibinirland2013\/wp-json\/wp\/v2\/posts\/1898\/revisions"}],"predecessor-version":[{"id":1938,"href":"https:\/\/userblogs.fu-berlin.de\/afibinirland2013\/wp-json\/wp\/v2\/posts\/1898\/revisions\/1938"}],"wp:attachment":[{"href":"https:\/\/userblogs.fu-berlin.de\/afibinirland2013\/wp-json\/wp\/v2\/media?parent=1898"}],"wp:term":[{"taxonomy":"category","embeddable":true,"href":"https:\/\/userblogs.fu-berlin.de\/afibinirland2013\/wp-json\/wp\/v2\/categories?post=1898"},{"taxonomy":"post_tag","embeddable":true,"href":"https:\/\/userblogs.fu-berlin.de\/afibinirland2013\/wp-json\/wp\/v2\/tags?post=1898"}],"curies":[{"name":"wp","href":"https:\/\/api.w.org\/{rel}","templated":true}]}}