{"id":262,"date":"2022-03-25T13:17:49","date_gmt":"2022-03-25T12:17:49","guid":{"rendered":"https:\/\/userblogs.fu-berlin.de\/bachelor_ewi\/?p=262"},"modified":"2022-06-15T09:42:28","modified_gmt":"2022-06-15T07:42:28","slug":"niederlaendisch-als-abv-sprachkurs","status":"publish","type":"post","link":"https:\/\/userblogs.fu-berlin.de\/bachelor_ewi\/2022\/03\/25\/niederlaendisch-als-abv-sprachkurs\/","title":{"rendered":"Niederl\u00e4ndisch als ABV-Sprachkurs"},"content":{"rendered":"\n<h1 class=\"wp-block-heading\">Allgemeine Berufsvorbereitung (ABV) &#8211; Erfahrungsbericht<\/h1>\n\n\n\n<h4 class=\"has-text-align-right wp-block-heading\">(Ein Beitrag von Anonym)<\/h4>\n\n\n\n<p><\/p>\n\n\n\n<p>Im f\u00fcnften Fachsemester war nach exemplarischen Studienverlaufsplan ein frei w\u00e4hlbares Modul im Studienbestandteil Allgemeine Berufsvorbereitung (ABV) im Wert von 10 Leistungspunkten vorgesehen. Man kann aus unterschiedlichen Kompetenzbereichen w\u00e4hlen, von Modulen in Management und Organisation zu Gender und Diversity oder Kommunikation sind hier wirklich unglaublich vielseitige Angebote dabei. Ich konnte mich hier auch nur schwer entscheiden. Eine Besonderheit der Freien Universit\u00e4t als internationale Netzwerkuniversit\u00e4t ist auch, dass es ein Sprachenzentrum mit einem wirklich gro\u00dfen Repertoire an diversen Sprachen gibt.<\/p>\n\n\n\n<p>Ich hatte hier auch geh\u00f6rt, dass die Sprachkurse wirklich gro\u00dfartig sein sollen, und wann hat man noch einmal die Gelegenheit so ein qualitativ hochwertiges Angebot umsonst zu bekommen? Da mir auch gesagt wurde, dass Sprachkurse f\u00fcr Franz\u00f6sisch oder Spanisch sehr beliebt sind und es hier schwierig sein kann einen Platz zu bekommen, habe ich mich daher dazu entschieden, es mit einem niederl\u00e4ndisch Kurs zu probieren. Die Bewerbung \u00fcber die Seite des Sprachenzentrums lief problemlos und ich habe mich sehr gefreut, als ich dann einen Platz bekam.<\/p>\n\n\n\n<p>Mein Einstiegsgrundmodul Niederl\u00e4ndisch bestand aus zwei jeweils zweist\u00fcndigen Kursen die Woche und ging \u00fcber zwei Semester. Ich hatte mich f\u00fcr Niederl\u00e4ndisch interessiert, da die Sprache sehr nah am Deutschen und Englischen dran ist und ich mir erhofft hatte, dass sich vom Wortlaut und den Vokabeln her hier einiges als schl\u00fcssig erweisen w\u00fcrde. Mein Dozent kam auch aus den Niederlanden und konnte uns hier nicht nur gut die korrekte Aussprache und Grammatik beibringen, sondern auch viele interessante Anekdoten aus den Niederlanden erz\u00e4hlen, zur Kultur und Lebensphilosophie der Niederl\u00e4nder*innen.<\/p>\n\n\n\n<p>Ich fand es auch sehr sch\u00f6n, erstmals mit Leuten aus unterschiedlichen Studieng\u00e4ngen und Fachsemestern in einem Kurs zu sein. Wir alle haben auch unterschiedliche Voraussetzungen mitgebracht. Es gab Leute, die hatten beispielsweise einen Platz f\u00fcr ein Auslandssemester in den Niederlanden bekommen und wollten hierf\u00fcr ihre Sprachkenntnisse ausbessern oder waren schon mehrmals in den Niederlanden, hatten Freunde hier und hatten deshalb Interesse an der niederl\u00e4ndischen Sprache. Wir haben uns hier alle sehr gut erg\u00e4nzt und die mit schon ein bisschen mehr Grundwissen konnten denen helfen, die bei null angefangen haben wie ich. Mein Kurs hatte einen guten Mix zwischen anwendungsorientierten Aufgaben, mit vielen Gelegenheiten konkret Sprechen und die Aussprache zu \u00fcben und regul\u00e4ren schriftlichen \u00dcbungen.<\/p>\n\n\n\n<p>Ich habe hier auch nette Bekanntschaften gemacht, mit denen es dann auch nicht mehr ganz so schwer war, zweimal die Woche um 8 Uhr im Winter motiviert an die Uni f\u00fcr die Kurse zu fahren. Ich habe hier auch eine super Lerngruppe aus dem Kurs gefunden und wir konnten zusammen im Selbstlernzentrum des Sprachenzentrums f\u00fcr die m\u00fcndlichen und schriftlichen Pr\u00fcfungen lernen. Das Selbstlernzentrum des Sprachenzentrums hatte auch noch einmal viele extra Materialien von Audioguides zu weiteren \u00dcbungsb\u00fcchern, die ich als sehr hilfreich empfunden habe. Ich kann jedem, der Interesse an Sprachen hat auf jeden Fall empfehlen, den ABV Bereich zu nutzen, um einen Sprachkurs zu belegen.<\/p>\n","protected":false},"excerpt":{"rendered":"<p>Allgemeine Berufsvorbereitung (ABV) &#8211; Erfahrungsbericht (Ein Beitrag von Anonym) Im f\u00fcnften Fachsemester war nach exemplarischen Studienverlaufsplan ein frei w\u00e4hlbares Modul im Studienbestandteil Allgemeine Berufsvorbereitung (ABV) im Wert von 10 Leistungspunkten vorgesehen. Man kann aus unterschiedlichen Kompetenzbereichen w\u00e4hlen, von Modulen in Management und Organisation zu Gender und Diversity oder Kommunikation sind hier wirklich unglaublich vielseitige Angebote &hellip; <a href=\"https:\/\/userblogs.fu-berlin.de\/bachelor_ewi\/2022\/03\/25\/niederlaendisch-als-abv-sprachkurs\/\" class=\"more-link\"><span class=\"screen-reader-text\">Niederl\u00e4ndisch als ABV-Sprachkurs<\/span> weiterlesen<\/a><\/p>\n","protected":false},"author":6168,"featured_media":0,"comment_status":"open","ping_status":"open","sticky":false,"template":"","format":"standard","meta":{"footnotes":""},"categories":[91],"tags":[],"class_list":["post-262","post","type-post","status-publish","format-standard","hentry","category-allgemein"],"_links":{"self":[{"href":"https:\/\/userblogs.fu-berlin.de\/bachelor_ewi\/wp-json\/wp\/v2\/posts\/262","targetHints":{"allow":["GET"]}}],"collection":[{"href":"https:\/\/userblogs.fu-berlin.de\/bachelor_ewi\/wp-json\/wp\/v2\/posts"}],"about":[{"href":"https:\/\/userblogs.fu-berlin.de\/bachelor_ewi\/wp-json\/wp\/v2\/types\/post"}],"author":[{"embeddable":true,"href":"https:\/\/userblogs.fu-berlin.de\/bachelor_ewi\/wp-json\/wp\/v2\/users\/6168"}],"replies":[{"embeddable":true,"href":"https:\/\/userblogs.fu-berlin.de\/bachelor_ewi\/wp-json\/wp\/v2\/comments?post=262"}],"version-history":[{"count":5,"href":"https:\/\/userblogs.fu-berlin.de\/bachelor_ewi\/wp-json\/wp\/v2\/posts\/262\/revisions"}],"predecessor-version":[{"id":328,"href":"https:\/\/userblogs.fu-berlin.de\/bachelor_ewi\/wp-json\/wp\/v2\/posts\/262\/revisions\/328"}],"wp:attachment":[{"href":"https:\/\/userblogs.fu-berlin.de\/bachelor_ewi\/wp-json\/wp\/v2\/media?parent=262"}],"wp:term":[{"taxonomy":"category","embeddable":true,"href":"https:\/\/userblogs.fu-berlin.de\/bachelor_ewi\/wp-json\/wp\/v2\/categories?post=262"},{"taxonomy":"post_tag","embeddable":true,"href":"https:\/\/userblogs.fu-berlin.de\/bachelor_ewi\/wp-json\/wp\/v2\/tags?post=262"}],"curies":[{"name":"wp","href":"https:\/\/api.w.org\/{rel}","templated":true}]}}