{"id":683,"date":"2024-04-08T15:23:16","date_gmt":"2024-04-08T13:23:16","guid":{"rendered":"https:\/\/userblogs.fu-berlin.de\/bachelor_ewi\/?p=683"},"modified":"2024-04-08T15:23:37","modified_gmt":"2024-04-08T13:23:37","slug":"mein-letztes-semester-als-studhk-im-studienbuero","status":"publish","type":"post","link":"https:\/\/userblogs.fu-berlin.de\/bachelor_ewi\/2024\/04\/08\/mein-letztes-semester-als-studhk-im-studienbuero\/","title":{"rendered":"Mein letztes Semester als StudHK im Studienb\u00fcro"},"content":{"rendered":"\n<h4 class=\"has-text-align-right wp-block-heading\">(Ein Beitrag von Jamie-Celine Reichelt)<\/h4>\n\n\n\n<h3 class=\"wp-block-heading\">R\u00fcckblick \u00fcber das letzte Semester und \u201eFarewell\u201c<\/h3>\n\n\n\n<p>Das Wintersemester 2023\/2024 war f\u00fcr mich ein besonderes Semester, da es mein letztes offizielles Semester als Studentische Hilfskraft im Studien- und Pr\u00fcfungsb\u00fcro Erziehungswissenschaft war. Alleine wenn ich das hier schreibe macht mich das dann doch ein bisschen emotional, da hiermit ein Arbeitskapitel f\u00fcr mich endet, dass 3 \u00bd Jahre angedauert hat und in dem ich so viel erleben und lernen konnte. Ich m\u00f6chte daher hier ein bisschen mein letztes Semester, aber auch allgemein meine Zeit als studentische Studienberaterin und Tutorin reflektieren. Was habe ich im Wintersemester 2023\/24 gemacht?<\/p>\n\n\n\n<ul class=\"wp-block-list\"><li>Durchf\u00fchrung von Beratungsgespr\u00e4chen mit Studierenden des Bachelors Ewi und Master Biwi zum Abschluss von offenen Pr\u00fcfungsleistungen<\/li><li>Schreiben von Merkbl\u00e4ttern und Guides zur \u00dcbergabe an die zuk\u00fcnftige Studentische Studienberatung<\/li><li>Finale \u00dcberarbeitung der Webseite des Studien- und Pr\u00fcfungsb\u00fcros Erziehungswissenschaft (spezifisch die \u00dcbersetzung der deutschen in die englische Version)<\/li><li>Unterst\u00fctzung des Instagram Accounts durch die Vorbereitung von Themenwochen<\/li><li>Infoveranstaltung im Master Bildungswissenschaften zur Wahl des Forschungsschwerpunktes im Vertiefungsbereich<\/li><\/ul>\n\n\n\n<p>Und jetzt noch ein bisschen zu meiner Zeit allgemein im Studien- und Pr\u00fcfungsb\u00fcro. Ich habe hier im Oktober 2020 als Studentische Studienberatung angefangen, was ich bis Oktober 2023 gemacht habe und war zus\u00e4tzlich ab April 2022 als Tutorin zum Abschluss von offenen Pr\u00fcfungsleistungen t\u00e4tig, was nun im April 2024 endet. Ich habe w\u00e4hrend meiner Zeit im Studien- und Pr\u00fcfungsb\u00fcro durch Susanne Heinze-Drinda (wirklich die beste Teamleitung, die man sich w\u00fcnschen k\u00f6nnte) von Anfang an die Gelegenheit bekommen bisherige Vorg\u00e4nge im Studien- und Pr\u00fcfungsb\u00fcro Erziehungswissenschaft zu reflektieren und Vorschl\u00e4ge zu \u00dcberarbeitungen zu machen, um Studierende unserer Studieng\u00e4nge noch besser in ihrem Studium zu unterst\u00fctzen. Hierbei wurde mir immer so viel Offenheit f\u00fcr meine Ideen entgegengebracht und so konnte ich unteranderem aktiv dabei mitwirken, dass:<\/p>\n\n\n\n<ul class=\"wp-block-list\"><li>die Webseite des Studien- und Pr\u00fcfungsb\u00fcros vollst\u00e4ndig \u00fcberarbeitet wurde und nun in deutscher und englischer Sprache zur Verf\u00fcgung steht<\/li><li>mehrere neue studentische Hilfskraftsstellen erschaffen wurden, unter anderem f\u00fcr Netzwerkarbeit unter Studierenden (Beispiel Instagram Account) und Tutoringarbeiten f\u00fcr Forschungsmethoden<\/li><li>neue Impulse f\u00fcr Informationsveranstaltungen und Events<\/li><li>und allgemein mehr R\u00e4ume schaffen um Feedback der Studierenden einzuholen und Angebote des Studien- und Pr\u00fcfungsb\u00fcros stehts bei Bedarf zu verbessern<\/li><\/ul>\n\n\n\n<p>In all diesen Angelegenheiten hatte ich das Gl\u00fcck von unglaublich tollen Menschen umgeben zu sein. Susanne, Ronja, Melissa und Anne: Ein besseres Team h\u00e4tte ich mir wirklich nicht w\u00fcnschen k\u00f6nnen, danke f\u00fcr alles &lt;3<\/p>\n\n\n\n<p>Abschlie\u00dfend m\u00f6chte ich mich auch noch bei euch Studis bedanken. Ich habe vor meiner Zeit im Studien- und Pr\u00fcfungsb\u00fcro Erziehungswissenschaft in der allgemeinen Studienberatung der Freien Universit\u00e4t Berlin gearbeitet, wo ich Beratungen mit Studierenden aller m\u00f6glichen Studieng\u00e4nge hatte und nat\u00fcrlich bin ich absolut nicht objektiv, aber man muss es einfach sagen, niemand ist so lieb wie die Ewis \ud83d\ude09 Es hat mir sehr viel Spa\u00df gemacht euch in euren Studienangelegenheiten zu beraten und so viele von euch teilweise von Beginn bis Ende ihres Studiums auf ihrem Werdegang zu sehen. Ich w\u00fcnsche euch alles Gute!<\/p>\n","protected":false},"excerpt":{"rendered":"<p>(Ein Beitrag von Jamie-Celine Reichelt) R\u00fcckblick \u00fcber das letzte Semester und \u201eFarewell\u201c Das Wintersemester 2023\/2024 war f\u00fcr mich ein besonderes Semester, da es mein letztes offizielles Semester als Studentische Hilfskraft im Studien- und Pr\u00fcfungsb\u00fcro Erziehungswissenschaft war. Alleine wenn ich das hier schreibe macht mich das dann doch ein bisschen emotional, da hiermit ein Arbeitskapitel f\u00fcr &hellip; <a href=\"https:\/\/userblogs.fu-berlin.de\/bachelor_ewi\/2024\/04\/08\/mein-letztes-semester-als-studhk-im-studienbuero\/\" class=\"more-link\"><span class=\"screen-reader-text\">Mein letztes Semester als StudHK im Studienb\u00fcro<\/span> weiterlesen<\/a><\/p>\n","protected":false},"author":6168,"featured_media":0,"comment_status":"closed","ping_status":"closed","sticky":false,"template":"","format":"standard","meta":{"footnotes":""},"categories":[91],"tags":[],"class_list":["post-683","post","type-post","status-publish","format-standard","hentry","category-allgemein"],"_links":{"self":[{"href":"https:\/\/userblogs.fu-berlin.de\/bachelor_ewi\/wp-json\/wp\/v2\/posts\/683","targetHints":{"allow":["GET"]}}],"collection":[{"href":"https:\/\/userblogs.fu-berlin.de\/bachelor_ewi\/wp-json\/wp\/v2\/posts"}],"about":[{"href":"https:\/\/userblogs.fu-berlin.de\/bachelor_ewi\/wp-json\/wp\/v2\/types\/post"}],"author":[{"embeddable":true,"href":"https:\/\/userblogs.fu-berlin.de\/bachelor_ewi\/wp-json\/wp\/v2\/users\/6168"}],"replies":[{"embeddable":true,"href":"https:\/\/userblogs.fu-berlin.de\/bachelor_ewi\/wp-json\/wp\/v2\/comments?post=683"}],"version-history":[{"count":1,"href":"https:\/\/userblogs.fu-berlin.de\/bachelor_ewi\/wp-json\/wp\/v2\/posts\/683\/revisions"}],"predecessor-version":[{"id":684,"href":"https:\/\/userblogs.fu-berlin.de\/bachelor_ewi\/wp-json\/wp\/v2\/posts\/683\/revisions\/684"}],"wp:attachment":[{"href":"https:\/\/userblogs.fu-berlin.de\/bachelor_ewi\/wp-json\/wp\/v2\/media?parent=683"}],"wp:term":[{"taxonomy":"category","embeddable":true,"href":"https:\/\/userblogs.fu-berlin.de\/bachelor_ewi\/wp-json\/wp\/v2\/categories?post=683"},{"taxonomy":"post_tag","embeddable":true,"href":"https:\/\/userblogs.fu-berlin.de\/bachelor_ewi\/wp-json\/wp\/v2\/tags?post=683"}],"curies":[{"name":"wp","href":"https:\/\/api.w.org\/{rel}","templated":true}]}}