{"id":257,"date":"2009-12-13T10:49:50","date_gmt":"2009-12-13T02:49:50","guid":{"rendered":"https:\/\/userblogs.fu-berlin.de\/dskcn\/2009\/12\/13\/vor-72-jahren\/"},"modified":"2010-06-09T13:42:32","modified_gmt":"2010-06-09T05:42:32","slug":"vor-72-jahren","status":"publish","type":"post","link":"https:\/\/userblogs.fu-berlin.de\/dskcn\/2009\/12\/13\/vor-72-jahren\/","title":{"rendered":"Vor 72 Jahren"},"content":{"rendered":"<p>Guten Morgen meine Lieben!<\/p>\n<p>Heute gibt es einen Anlass, weshalb ich schon so fr\u00fch schreibe. Es ist gerade 10:42 Uhr (42!) und es scheint, dass die Sirenen aufgeh\u00f6rt haben. Als ich um 10:00 Uhr aufgestanden bin, fingen auf einmal die Sirenen der Stadt zu heulen an. Zun\u00e4chst dachte ich an eine einfache \u00dcbung, als aber der Ton mehrmals intervallsm\u00e4\u00dfig wiederholt wurde, wurde mir schon mulmig zumute, vor allem, weil ich erst Freitag kurz wieder in 1984 von George Orwell hineingesehen hatte, und mich vieler Gegebenheiten des Buches erinnerte, wie die Vorbereitungen auf die Hass-Woche und den Propagandafilm mit den explodierenden Feindesflotten und emporfliegenden K\u00f6rperteilen.<\/p>\n<p>Daher rief ich die einzige Person an, die mir in diesem Moment als Hilfe erschien, Oliver, unser Zeitsoldat a.D. Jedoch kamen wir zu keinem befriedigenden Ergebnis und schoben die merkw\u00fcrdigen Intervalle entweder auf Feuer, Fliegerangriff oder kulturelle Sirenensignalunterschiede.<\/p>\n<p>Also dachte Daniel, wenn jemand angreift, w\u00fcrde das vielleicht schon im Internet stehen. Au\u00dferdem schnell die <a href=\"https:\/\/de.wikipedia.org\/wiki\/Sirene_%28Ger%C3%A4t%29\" target=\"_blank\">Sirenen-<\/a>und <a href=\"https:\/\/de.wikipedia.org\/wiki\/Sirenenalarm\" target=\"_blank\">Sirenensignal<\/a>eintr\u00e4ge in Wikipedia nachschlagen. Passt alles nicht, aber eine Meldung im Internet machte mich neugierig: Japan gedenkt mit Sirenenalarm dem Atombombenabwurf \u00fcber Nagasaki. Schnell kombiniert und das Datum des <a href=\"https:\/\/de.wikipedia.org\/wiki\/Massaker_von_Nanking\" target=\"_blank\">Nanjing-Massakers<\/a> nachgeschlagen: 13. Dezember 1937!<\/p>\n<p>Also wieder Kriegserinnerungen, dieses Mal reale. Es war in dieser Stadt, vor 72 Jahren. Direkt hier um die Ecke ist das John Rabe Haus. 20 Minuten mit dem Taxi entfernt die Massacre Memorial Hall, neben der das Massengrab mit &#8222;Zehntausend Toten&#8220; liegt.<\/p>\n<p>Schon komisch, wie einen die Geschichte am dritten Advent morgens, halb zehn in China einholt.<\/p>\n<p>Gedankenreiche Gr\u00fc\u00dfe von eurem<\/p>\n<p>Daniel<\/p>\n","protected":false},"excerpt":{"rendered":"<p>Guten Morgen meine Lieben! Heute gibt es einen Anlass, weshalb ich schon so fr\u00fch schreibe. Es ist gerade 10:42 Uhr (42!) und es scheint, dass die Sirenen aufgeh\u00f6rt haben. Als ich um 10:00 Uhr aufgestanden bin, fingen auf einmal die Sirenen der Stadt zu heulen an. Zun\u00e4chst dachte ich an eine einfache \u00dcbung, als aber &hellip; <\/p>\n<p class=\"link-more\"><a href=\"https:\/\/userblogs.fu-berlin.de\/dskcn\/2009\/12\/13\/vor-72-jahren\/\" class=\"more-link\"><span class=\"screen-reader-text\">\u201eVor 72 Jahren\u201c<\/span> weiterlesen<\/a><\/p>\n","protected":false},"author":47,"featured_media":0,"comment_status":"open","ping_status":"open","sticky":false,"template":"","format":"standard","meta":{"footnotes":""},"categories":[1],"tags":[],"class_list":["post-257","post","type-post","status-publish","format-standard","hentry","category-allgemein"],"_links":{"self":[{"href":"https:\/\/userblogs.fu-berlin.de\/dskcn\/wp-json\/wp\/v2\/posts\/257","targetHints":{"allow":["GET"]}}],"collection":[{"href":"https:\/\/userblogs.fu-berlin.de\/dskcn\/wp-json\/wp\/v2\/posts"}],"about":[{"href":"https:\/\/userblogs.fu-berlin.de\/dskcn\/wp-json\/wp\/v2\/types\/post"}],"author":[{"embeddable":true,"href":"https:\/\/userblogs.fu-berlin.de\/dskcn\/wp-json\/wp\/v2\/users\/47"}],"replies":[{"embeddable":true,"href":"https:\/\/userblogs.fu-berlin.de\/dskcn\/wp-json\/wp\/v2\/comments?post=257"}],"version-history":[{"count":5,"href":"https:\/\/userblogs.fu-berlin.de\/dskcn\/wp-json\/wp\/v2\/posts\/257\/revisions"}],"predecessor-version":[{"id":468,"href":"https:\/\/userblogs.fu-berlin.de\/dskcn\/wp-json\/wp\/v2\/posts\/257\/revisions\/468"}],"wp:attachment":[{"href":"https:\/\/userblogs.fu-berlin.de\/dskcn\/wp-json\/wp\/v2\/media?parent=257"}],"wp:term":[{"taxonomy":"category","embeddable":true,"href":"https:\/\/userblogs.fu-berlin.de\/dskcn\/wp-json\/wp\/v2\/categories?post=257"},{"taxonomy":"post_tag","embeddable":true,"href":"https:\/\/userblogs.fu-berlin.de\/dskcn\/wp-json\/wp\/v2\/tags?post=257"}],"curies":[{"name":"wp","href":"https:\/\/api.w.org\/{rel}","templated":true}]}}