{"id":70,"date":"2009-09-07T22:39:24","date_gmt":"2009-09-07T14:39:24","guid":{"rendered":"https:\/\/userblogs.fu-berlin.de\/dskcn\/2009\/09\/07\/70\/"},"modified":"2009-09-07T22:47:07","modified_gmt":"2009-09-07T14:47:07","slug":"70","status":"publish","type":"post","link":"https:\/\/userblogs.fu-berlin.de\/dskcn\/2009\/09\/07\/70\/","title":{"rendered":"Librairie Avant-Garde \u5148\u92d2\u66f8\u5e97"},"content":{"rendered":"<p>Die Librairie Avant-Garde befindet sich in der \u5e7f\u5dde\u8def Nr. 173, Tel.+86 25 83 71 14 55. Sie ist sehr schick eingerichtet und befindet sich in einem ehemaligen Parkhaus unter einem Stadion. Der Zugang und die Aufg\u00e4nge sind entsprechend Autogeignet. Die Atmosph\u00e4re ist ruhig und entspannt, es l\u00e4uft klassische Musik im Hintergrund und man kann in aller Ruhe st\u00f6bern. Kaum fremdsprachige Literatur, daf\u00fcr Zauberhaftes auf Chinesisch. Eine kleine Abteilung mit Postern, Bildern, Taschen und Notizb\u00fcchern rundet das Angebot ab.<\/p>\n<p><img loading=\"lazy\" decoding=\"async\" class=\"alignnone size-thumbnail wp-image-72\" src=\"https:\/\/userblogs.fu-berlin.de\/dskcn\/files\/2009\/09\/07092009007-150x150.jpg\" alt=\"07092009007\" width=\"150\" height=\"150\" \/><img loading=\"lazy\" decoding=\"async\" class=\"alignnone size-thumbnail wp-image-74\" src=\"https:\/\/userblogs.fu-berlin.de\/dskcn\/files\/2009\/09\/07092009009-150x150.jpg\" alt=\"07092009009\" width=\"150\" height=\"150\" \/><img loading=\"lazy\" decoding=\"async\" class=\"alignnone size-thumbnail wp-image-75\" src=\"https:\/\/userblogs.fu-berlin.de\/dskcn\/files\/2009\/09\/07092009010-150x150.jpg\" alt=\"07092009010\" width=\"150\" height=\"150\" \/><\/p>\n","protected":false},"excerpt":{"rendered":"<p>Die Librairie Avant-Garde befindet sich in der \u5e7f\u5dde\u8def Nr. 173, Tel.+86 25 83 71 14 55. Sie ist sehr schick eingerichtet und befindet sich in einem ehemaligen Parkhaus unter einem Stadion. Der Zugang und die Aufg\u00e4nge sind entsprechend Autogeignet. Die Atmosph\u00e4re ist ruhig und entspannt, es l\u00e4uft klassische Musik im Hintergrund und man kann in &hellip; <\/p>\n<p class=\"link-more\"><a href=\"https:\/\/userblogs.fu-berlin.de\/dskcn\/2009\/09\/07\/70\/\" class=\"more-link\"><span class=\"screen-reader-text\">\u201eLibrairie Avant-Garde \u5148\u92d2\u66f8\u5e97\u201c<\/span> weiterlesen<\/a><\/p>\n","protected":false},"author":47,"featured_media":0,"comment_status":"open","ping_status":"open","sticky":false,"template":"","format":"standard","meta":{"footnotes":""},"categories":[32],"tags":[],"class_list":["post-70","post","type-post","status-publish","format-standard","hentry","category-shop-til-you-drop"],"_links":{"self":[{"href":"https:\/\/userblogs.fu-berlin.de\/dskcn\/wp-json\/wp\/v2\/posts\/70","targetHints":{"allow":["GET"]}}],"collection":[{"href":"https:\/\/userblogs.fu-berlin.de\/dskcn\/wp-json\/wp\/v2\/posts"}],"about":[{"href":"https:\/\/userblogs.fu-berlin.de\/dskcn\/wp-json\/wp\/v2\/types\/post"}],"author":[{"embeddable":true,"href":"https:\/\/userblogs.fu-berlin.de\/dskcn\/wp-json\/wp\/v2\/users\/47"}],"replies":[{"embeddable":true,"href":"https:\/\/userblogs.fu-berlin.de\/dskcn\/wp-json\/wp\/v2\/comments?post=70"}],"version-history":[{"count":3,"href":"https:\/\/userblogs.fu-berlin.de\/dskcn\/wp-json\/wp\/v2\/posts\/70\/revisions"}],"predecessor-version":[{"id":76,"href":"https:\/\/userblogs.fu-berlin.de\/dskcn\/wp-json\/wp\/v2\/posts\/70\/revisions\/76"}],"wp:attachment":[{"href":"https:\/\/userblogs.fu-berlin.de\/dskcn\/wp-json\/wp\/v2\/media?parent=70"}],"wp:term":[{"taxonomy":"category","embeddable":true,"href":"https:\/\/userblogs.fu-berlin.de\/dskcn\/wp-json\/wp\/v2\/categories?post=70"},{"taxonomy":"post_tag","embeddable":true,"href":"https:\/\/userblogs.fu-berlin.de\/dskcn\/wp-json\/wp\/v2\/tags?post=70"}],"curies":[{"name":"wp","href":"https:\/\/api.w.org\/{rel}","templated":true}]}}