{"id":1329,"date":"2020-05-11T11:19:15","date_gmt":"2020-05-11T09:19:15","guid":{"rendered":"https:\/\/userblogs.fu-berlin.de\/dutch\/?p=1329"},"modified":"2020-07-07T20:49:36","modified_gmt":"2020-07-07T18:49:36","slug":"variatie-nn-bn-c1-een-mening-vragen-en-geven","status":"publish","type":"post","link":"https:\/\/userblogs.fu-berlin.de\/dutch\/2020\/05\/11\/variatie-nn-bn-c1-een-mening-vragen-en-geven\/","title":{"rendered":"Variatie NN BN C1 een mening vragen en geven"},"content":{"rendered":"<p><img loading=\"lazy\" decoding=\"async\" class=\"alignright size-medium wp-image-1324\" src=\"https:\/\/userblogs.fu-berlin.de\/dutch\/files\/2020\/05\/Folie10-300x300.jpeg\" alt=\"\" width=\"300\" height=\"300\" srcset=\"https:\/\/userblogs.fu-berlin.de\/dutch\/files\/2020\/05\/Folie10-300x300.jpeg 300w, https:\/\/userblogs.fu-berlin.de\/dutch\/files\/2020\/05\/Folie10-150x150.jpeg 150w, https:\/\/userblogs.fu-berlin.de\/dutch\/files\/2020\/05\/Folie10-768x768.jpeg 768w, https:\/\/userblogs.fu-berlin.de\/dutch\/files\/2020\/05\/Folie10-1024x1024.jpeg 1024w, https:\/\/userblogs.fu-berlin.de\/dutch\/files\/2020\/05\/Folie10-48x48.jpeg 48w, https:\/\/userblogs.fu-berlin.de\/dutch\/files\/2020\/05\/Folie10-250x250.jpeg 250w, https:\/\/userblogs.fu-berlin.de\/dutch\/files\/2020\/05\/Folie10-550x550.jpeg 550w, https:\/\/userblogs.fu-berlin.de\/dutch\/files\/2020\/05\/Folie10-800x800.jpeg 800w, https:\/\/userblogs.fu-berlin.de\/dutch\/files\/2020\/05\/Folie10-180x180.jpeg 180w, https:\/\/userblogs.fu-berlin.de\/dutch\/files\/2020\/05\/Folie10-500x500.jpeg 500w\" sizes=\"auto, (max-width: 300px) 100vw, 300px\" \/><\/p>\n<h1 class=\"title\">Een mening vragen en geven<\/h1>\n<h3>Hier vind je 6 oefeningen over:<\/h3>\n<ul>\n<li>de taalvariatie: Belgisch-Nederlands &amp; Nederlands-Nederlands<\/li>\n<li>de taalfunctie: een mening vragen<\/li>\n<li>de taalfunctie: een mening geven<\/li>\n<\/ul>\n<table>\n<tbody>\n<tr>\n<td>\n<h5 style=\"padding-left: 30px\">Oefeningen<\/h5>\n<ol>\n<li><a href=\"#1\">Luister naar het audiofragment. Kirsten is Nederlandse. Ze geeft haar mening over het Nederlands in Belgi\u00eb. Met welke adjectieven (bijvoeglijke naamwoorden) beschrijft Kirsten het gesproken Nederlands in Belgi\u00eb? Kies \u00e9\u00e9n of meer antwoorden.<\/a><em> (Audio)<\/em><\/li>\n<li><a href=\"#2\">Luister opnieuw naar het audiofragment in vraag 1. Kirsten zegt dat het Belgisch-Nederlands deftiger klinkt dan het Nederlands in Nederland. Hoe komt dat volgens haar?<\/a><em> (Audio)<\/em><\/li>\n<li><a href=\"#3\">Luister opnieuw naar het audiofragment in vraag 1. Welke stellingen zijn juist? Kies \u00e9\u00e9n of meer antwoorden.<\/a><em> (Audio)<\/em><\/li>\n<li><a href=\"#4\">Luister naar het audiofragment. Tony is Belg. Hij geeft zijn mening over het Nederlands in Nederland. Met welke adjectieven (bijvoeglijke naamwoorden) beschrijft Tony het gesproken Nederlands in Nederland? Kies \u00e9\u00e9n of meer antwoorden.<\/a><em> (Audio)<\/em><\/li>\n<li><a href=\"#5\">Luister opnieuw naar het audiofragment in vraag 4. Waarom leest Tony liever Nederlands-Nederlands dan ernaar te luisteren? Kies \u00e9\u00e9n of meer antwoorden.<\/a><em> (Audio)<\/em><\/li>\n<li><a href=\"#6\">Luister opnieuw naar het audiofragment in vraag 4. Welke stellingen zijn juist? Kies \u00e9\u00e9n of meer antwoorden.<\/a><em> (Audio)<\/em><\/li>\n<\/ol>\n<\/td>\n<\/tr>\n<\/tbody>\n<\/table>\n<p><img loading=\"lazy\" decoding=\"async\" class=\" wp-image-997 aligncenter\" src=\"https:\/\/userblogs.fu-berlin.de\/dutch\/files\/2020\/04\/line.jpg\" alt=\"\" width=\"391\" height=\"9\" \/><\/p>\n<h3><strong>1. <a id=\"1\"><\/a>Luister naar het audiofragment. Kirsten is Nederlandse. Ze geeft haar mening over het Nederlands in Belgi\u00eb.<\/strong><\/h3>\n<!--[if lt IE 9]><script>document.createElement('audio');<\/script><![endif]-->\n<audio class=\"wp-audio-shortcode\" id=\"audio-1329-1\" preload=\"none\" style=\"width: 100%;\" controls=\"controls\"><source type=\"audio\/mpeg\" src=\"https:\/\/userblogs.fu-berlin.de\/dutch\/files\/2020\/05\/Kirsten-over-BN.mp3?_=1\" \/><a href=\"https:\/\/userblogs.fu-berlin.de\/dutch\/files\/2020\/05\/Kirsten-over-BN.mp3\">https:\/\/userblogs.fu-berlin.de\/dutch\/files\/2020\/05\/Kirsten-over-BN.mp3<\/a><\/audio>\n<div class=\"h5p-iframe-wrapper\"><iframe id=\"h5p-iframe-239\" class=\"h5p-iframe\" data-content-id=\"239\" style=\"height:1px\" src=\"about:blank\" frameBorder=\"0\" scrolling=\"no\" title=\"Variatie_NN_BN_C1_een mening vragen en geven_1\"><\/iframe><\/div>\n<p><a class=\"button\" href=\"#2\">ga verder<\/a><br \/>\n<a href=\"#content\"><img loading=\"lazy\" decoding=\"async\" class=\"alignright wp-image-666 size-full\" src=\"https:\/\/userblogs.fu-berlin.de\/dutch\/files\/2020\/04\/erhoehen-ansteigen2-e1585913571900.png\" alt=\"\" width=\"40\" height=\"40\" \/><\/a><\/p>\n<p><img loading=\"lazy\" decoding=\"async\" class=\" wp-image-997 aligncenter\" src=\"https:\/\/userblogs.fu-berlin.de\/dutch\/files\/2020\/04\/line.jpg\" alt=\"\" width=\"391\" height=\"9\" \/><br \/>\n<a id=\"2\"><\/a><br \/>\n<div class=\"h5p-iframe-wrapper\"><iframe id=\"h5p-iframe-240\" class=\"h5p-iframe\" data-content-id=\"240\" style=\"height:1px\" src=\"about:blank\" frameBorder=\"0\" scrolling=\"no\" title=\"Variatie_NN_BN_C1_een mening vragen en geven_2\"><\/iframe><\/div><\/p>\n<p><a class=\"button\" href=\"#3\">ga verder<\/a><a href=\"#content\"><img loading=\"lazy\" decoding=\"async\" class=\"alignright wp-image-666 size-full\" src=\"https:\/\/userblogs.fu-berlin.de\/dutch\/files\/2020\/04\/erhoehen-ansteigen2-e1585913571900.png\" alt=\"\" width=\"40\" height=\"40\" \/><\/a><\/p>\n<p><img loading=\"lazy\" decoding=\"async\" class=\" wp-image-997 aligncenter\" src=\"https:\/\/userblogs.fu-berlin.de\/dutch\/files\/2020\/04\/line.jpg\" alt=\"\" width=\"391\" height=\"9\" \/><br \/>\n<a id=\"3\"><\/a><br \/>\n<div class=\"h5p-iframe-wrapper\"><iframe id=\"h5p-iframe-241\" class=\"h5p-iframe\" data-content-id=\"241\" style=\"height:1px\" src=\"about:blank\" frameBorder=\"0\" scrolling=\"no\" title=\"Variatie_NN_BN_C1_een mening vragen en geven_3\"><\/iframe><\/div><\/p>\n<p><a class=\"button\" href=\"#4\">ga verder<\/a><a href=\"#content\"><img loading=\"lazy\" decoding=\"async\" class=\"alignright wp-image-666 size-full\" src=\"https:\/\/userblogs.fu-berlin.de\/dutch\/files\/2020\/04\/erhoehen-ansteigen2-e1585913571900.png\" alt=\"\" width=\"40\" height=\"40\" \/><\/a><\/p>\n<p><img loading=\"lazy\" decoding=\"async\" class=\" wp-image-997 aligncenter\" src=\"https:\/\/userblogs.fu-berlin.de\/dutch\/files\/2020\/04\/line.jpg\" alt=\"\" width=\"391\" height=\"9\" \/><\/p>\n<h3><strong>4. <a id=\"4\"><\/a>Luister naar het audiofragment. Tony is Belg. Hij geeft zijn mening over het Nederlands in Nederland.<\/strong><\/h3>\n<audio class=\"wp-audio-shortcode\" id=\"audio-1329-2\" preload=\"none\" style=\"width: 100%;\" controls=\"controls\"><source type=\"audio\/mpeg\" src=\"https:\/\/userblogs.fu-berlin.de\/dutch\/files\/2020\/05\/Tony-over-NN-kort.mp3?_=2\" \/><a href=\"https:\/\/userblogs.fu-berlin.de\/dutch\/files\/2020\/05\/Tony-over-NN-kort.mp3\">https:\/\/userblogs.fu-berlin.de\/dutch\/files\/2020\/05\/Tony-over-NN-kort.mp3<\/a><\/audio>\n<div class=\"h5p-iframe-wrapper\"><iframe id=\"h5p-iframe-242\" class=\"h5p-iframe\" data-content-id=\"242\" style=\"height:1px\" src=\"about:blank\" frameBorder=\"0\" scrolling=\"no\" title=\"Variatie_NN_BN_C1_een mening vragen en geven_4\"><\/iframe><\/div>\n<p><a class=\"button\" href=\"#5\">ga verder<\/a><br \/>\n<a href=\"#content\"><img loading=\"lazy\" decoding=\"async\" class=\"alignright wp-image-666 size-full\" src=\"https:\/\/userblogs.fu-berlin.de\/dutch\/files\/2020\/04\/erhoehen-ansteigen2-e1585913571900.png\" alt=\"\" width=\"40\" height=\"40\" \/><\/a><\/p>\n<p><img loading=\"lazy\" decoding=\"async\" class=\" wp-image-997 aligncenter\" src=\"https:\/\/userblogs.fu-berlin.de\/dutch\/files\/2020\/04\/line.jpg\" alt=\"\" width=\"391\" height=\"9\" \/><\/p>\n<p><a id=\"5\"><\/a><br \/>\n<div class=\"h5p-iframe-wrapper\"><iframe id=\"h5p-iframe-243\" class=\"h5p-iframe\" data-content-id=\"243\" style=\"height:1px\" src=\"about:blank\" frameBorder=\"0\" scrolling=\"no\" title=\"Variatie_NN_BN_C1_een mening vragen en geven_5\"><\/iframe><\/div><\/p>\n<p><a class=\"button\" href=\"#6\">ga verder<\/a><br \/>\n<a href=\"#content\"><img loading=\"lazy\" decoding=\"async\" class=\"alignright wp-image-666 size-full\" src=\"https:\/\/userblogs.fu-berlin.de\/dutch\/files\/2020\/04\/erhoehen-ansteigen2-e1585913571900.png\" alt=\"\" width=\"40\" height=\"40\" \/><\/a><\/p>\n<p><img loading=\"lazy\" decoding=\"async\" class=\" wp-image-997 aligncenter\" src=\"https:\/\/userblogs.fu-berlin.de\/dutch\/files\/2020\/04\/line.jpg\" alt=\"\" width=\"391\" height=\"9\" \/><\/p>\n<p><a id=\"6\"><\/a><br \/>\n<div class=\"h5p-iframe-wrapper\"><iframe id=\"h5p-iframe-244\" class=\"h5p-iframe\" data-content-id=\"244\" style=\"height:1px\" src=\"about:blank\" frameBorder=\"0\" scrolling=\"no\" title=\"Variatie_NN_BN_C1_een mening vragen en geven_6\"><\/iframe><\/div><\/p>\n<p><a href=\"#content\"><img loading=\"lazy\" decoding=\"async\" class=\"alignright wp-image-666 size-full\" src=\"https:\/\/userblogs.fu-berlin.de\/dutch\/files\/2020\/04\/erhoehen-ansteigen2-e1585913571900.png\" alt=\"\" width=\"40\" height=\"40\" \/><\/a><\/p>\n","protected":false},"excerpt":{"rendered":"<p>Een mening vragen en geven Hier vind je 6 oefeningen over: de taalvariatie: Belgisch-Nederlands &amp; Nederlands-Nederlands de taalfunctie: een mening vragen de taalfunctie: een mening geven Oefeningen Luister naar het audiofragment. Kirsten is Nederlandse. Ze geeft haar mening over het Nederlands in Belgi\u00eb. Met welke adjectieven (bijvoeglijke naamwoorden) beschrijft Kirsten het gesproken Nederlands in Belgi\u00eb? &#8230; <a title=\"Variatie NN BN C1 een mening vragen en geven\" class=\"read-more\" href=\"https:\/\/userblogs.fu-berlin.de\/dutch\/2020\/05\/11\/variatie-nn-bn-c1-een-mening-vragen-en-geven\/\" aria-label=\"Lees meer over Variatie NN BN C1 een mening vragen en geven\">Lees verder<\/a><\/p>\n","protected":false},"author":5209,"featured_media":0,"comment_status":"closed","ping_status":"open","sticky":false,"template":"","format":"standard","meta":{"footnotes":""},"categories":[363353,350828],"tags":[356453,358004,355753,351538,357515],"class_list":["post-1329","post","type-post","status-publish","format-standard","hentry","category-een-mening-vragen-en-geven","category-oefeningen","tag-belgisch-nederlands","tag-belgisch-nederlands-c1-c2","tag-c1-c2","tag-nederlands-nederlands","tag-nederlands-nederlands-c1-c2"],"_links":{"self":[{"href":"https:\/\/userblogs.fu-berlin.de\/dutch\/wp-json\/wp\/v2\/posts\/1329","targetHints":{"allow":["GET"]}}],"collection":[{"href":"https:\/\/userblogs.fu-berlin.de\/dutch\/wp-json\/wp\/v2\/posts"}],"about":[{"href":"https:\/\/userblogs.fu-berlin.de\/dutch\/wp-json\/wp\/v2\/types\/post"}],"author":[{"embeddable":true,"href":"https:\/\/userblogs.fu-berlin.de\/dutch\/wp-json\/wp\/v2\/users\/5209"}],"replies":[{"embeddable":true,"href":"https:\/\/userblogs.fu-berlin.de\/dutch\/wp-json\/wp\/v2\/comments?post=1329"}],"version-history":[{"count":3,"href":"https:\/\/userblogs.fu-berlin.de\/dutch\/wp-json\/wp\/v2\/posts\/1329\/revisions"}],"predecessor-version":[{"id":2679,"href":"https:\/\/userblogs.fu-berlin.de\/dutch\/wp-json\/wp\/v2\/posts\/1329\/revisions\/2679"}],"wp:attachment":[{"href":"https:\/\/userblogs.fu-berlin.de\/dutch\/wp-json\/wp\/v2\/media?parent=1329"}],"wp:term":[{"taxonomy":"category","embeddable":true,"href":"https:\/\/userblogs.fu-berlin.de\/dutch\/wp-json\/wp\/v2\/categories?post=1329"},{"taxonomy":"post_tag","embeddable":true,"href":"https:\/\/userblogs.fu-berlin.de\/dutch\/wp-json\/wp\/v2\/tags?post=1329"}],"curies":[{"name":"wp","href":"https:\/\/api.w.org\/{rel}","templated":true}]}}