{"id":2490,"date":"2020-06-24T12:18:15","date_gmt":"2020-06-24T10:18:15","guid":{"rendered":"https:\/\/userblogs.fu-berlin.de\/dutch\/?p=2490"},"modified":"2022-08-29T14:24:11","modified_gmt":"2022-08-29T12:24:11","slug":"variatie-bn-c1-aanspreekvormen","status":"publish","type":"post","link":"https:\/\/userblogs.fu-berlin.de\/dutch\/2020\/06\/24\/variatie-bn-c1-aanspreekvormen\/","title":{"rendered":"Variatie BN C1 aanspreekvormen"},"content":{"rendered":"<p><img loading=\"lazy\" decoding=\"async\" class=\"alignright size-medium wp-image-2480\" src=\"https:\/\/userblogs.fu-berlin.de\/dutch\/files\/2020\/06\/Folie2-300x300.jpeg\" alt=\"\" width=\"300\" height=\"300\" srcset=\"https:\/\/userblogs.fu-berlin.de\/dutch\/files\/2020\/06\/Folie2-300x300.jpeg 300w, https:\/\/userblogs.fu-berlin.de\/dutch\/files\/2020\/06\/Folie2-1024x1024.jpeg 1024w, https:\/\/userblogs.fu-berlin.de\/dutch\/files\/2020\/06\/Folie2-150x150.jpeg 150w, https:\/\/userblogs.fu-berlin.de\/dutch\/files\/2020\/06\/Folie2-768x768.jpeg 768w, https:\/\/userblogs.fu-berlin.de\/dutch\/files\/2020\/06\/Folie2-1536x1536.jpeg 1536w, https:\/\/userblogs.fu-berlin.de\/dutch\/files\/2020\/06\/Folie2-2048x2048.jpeg 2048w, https:\/\/userblogs.fu-berlin.de\/dutch\/files\/2020\/06\/Folie2-48x48.jpeg 48w, https:\/\/userblogs.fu-berlin.de\/dutch\/files\/2020\/06\/Folie2-250x250.jpeg 250w, https:\/\/userblogs.fu-berlin.de\/dutch\/files\/2020\/06\/Folie2-550x550.jpeg 550w, https:\/\/userblogs.fu-berlin.de\/dutch\/files\/2020\/06\/Folie2-800x800.jpeg 800w, https:\/\/userblogs.fu-berlin.de\/dutch\/files\/2020\/06\/Folie2-180x180.jpeg 180w, https:\/\/userblogs.fu-berlin.de\/dutch\/files\/2020\/06\/Folie2-500x500.jpeg 500w\" sizes=\"auto, (max-width: 300px) 100vw, 300px\" \/><\/p>\r\n<h1 class=\"title\">Aanspreekvormen<\/h1>\r\n<h3>Hier vind je 5 oefeningen over:<\/h3>\r\n<ul>\r\n<li>de taalvariatie: Belgisch-Nederlands<\/li>\r\n<li>de taalfunctie: aanspreekvormen<\/li>\r\n<\/ul>\r\n<table>\r\n<tbody>\r\n<tr>\r\n<td>\r\n<h5 style=\"padding-left: 30px\">Oefeningen<\/h5>\r\n<ol>\r\n<li><a href=\"#1\">Luister naar het audiofragment. Nathalie vergelijkt het gebruik van de beleefdheidsvorm in Belgi\u00eb en Duitsland. Hoe ervaart Nathalie de Duitse aanspreekvorm Sie? Kies \u00e9\u00e9n of meer antwoorden.<\/a><em> (Audio)<\/em><\/li>\r\n<li><a href=\"#2\">Luister opnieuw naar het audiofragment in vraag 1. Wat klopt?<\/a><em> (Audio)<\/em><\/li>\r\n<li><a href=\"#3\">Luister naar het audiofragment. Tony vertelt over zijn persoonlijke gebruik van de vormen <em>gij<\/em>, <em>jij<\/em> en<em> u<\/em>. Wat klopt?<\/a><\/li>\r\n<li><a href=\"#4\">Luister opnieuw naar het audiofragment in vraag 3. Zegt Tony <em>gij<\/em>, <em>jij <\/em>of <em>u<\/em>? Typ de juiste aanspreekvorm naast de situatie.<\/a><em> (Audio)<\/em><\/li>\r\n<li><a href=\"#5\">Luister opnieuw naar het audiofragment in vraag 3. Zegt Tony <em>gij<\/em>, <em>jij <\/em>of <em>u<\/em>? Typ de juiste aanspreekvorm naast de situatie.<\/a><em> (Audio)<\/em><\/li>\r\n<\/ol>\r\n<\/td>\r\n<\/tr>\r\n<\/tbody>\r\n<\/table>\r\n<p><img loading=\"lazy\" decoding=\"async\" class=\" wp-image-997 aligncenter\" src=\"https:\/\/userblogs.fu-berlin.de\/dutch\/files\/2020\/04\/line.jpg\" alt=\"\" width=\"391\" height=\"9\" \/><\/p>\r\n<p>&nbsp;<\/p>\r\n<h3><strong>1. <a id=\"1\"><\/a>Luister naar het audiofragment. Nathalie vergelijkt het gebruik van de beleefdheidsvorm in Belgi\u00eb en Duitsland.<\/strong><\/h3>\r\n<!--[if lt IE 9]><script>document.createElement('audio');<\/script><![endif]-->\n<audio class=\"wp-audio-shortcode\" id=\"audio-2490-1\" preload=\"none\" style=\"width: 100%;\" controls=\"controls\"><source type=\"audio\/mpeg\" src=\"https:\/\/userblogs.fu-berlin.de\/dutch\/files\/2020\/06\/aanspreekvormen-b-vs-d.mp3?_=1\" \/><a href=\"https:\/\/userblogs.fu-berlin.de\/dutch\/files\/2020\/06\/aanspreekvormen-b-vs-d.mp3\">https:\/\/userblogs.fu-berlin.de\/dutch\/files\/2020\/06\/aanspreekvormen-b-vs-d.mp3<\/a><\/audio>\r\n<div class=\"h5p-iframe-wrapper\"><iframe id=\"h5p-iframe-1253\" class=\"h5p-iframe\" data-content-id=\"1253\" style=\"height:1px\" src=\"about:blank\" frameBorder=\"0\" scrolling=\"no\" title=\"variatie_BN_C1_aanspreekvormen_1\"><\/iframe><\/div>\r\n<p>&nbsp;<\/p>\r\n<p><a class=\"button\" href=\"#2\">ga verder<\/a><br \/><a href=\"#content\"><img loading=\"lazy\" decoding=\"async\" class=\"alignright wp-image-666 size-full\" src=\"https:\/\/userblogs.fu-berlin.de\/dutch\/files\/2020\/04\/erhoehen-ansteigen2-e1585913571900.png\" alt=\"\" width=\"40\" height=\"40\" \/><\/a><\/p>\r\n<p>&nbsp;<\/p>\r\n<p><img loading=\"lazy\" decoding=\"async\" class=\" wp-image-997 aligncenter\" src=\"https:\/\/userblogs.fu-berlin.de\/dutch\/files\/2020\/04\/line.jpg\" alt=\"\" width=\"391\" height=\"9\" \/><\/p>\r\n<h3>2.\u00a0<a id=\"2\"><\/a>Luister opnieuw naar het audiofragment in vraag 1. Wat klopt?<br \/><div class=\"h5p-iframe-wrapper\"><iframe id=\"h5p-iframe-1254\" class=\"h5p-iframe\" data-content-id=\"1254\" style=\"height:1px\" src=\"about:blank\" frameBorder=\"0\" scrolling=\"no\" title=\"variatie_BN_C1_aanspreekvormen_2\"><\/iframe><\/div><\/h3>\r\n<p>&nbsp;<\/p>\r\n<p><a class=\"button\" href=\"#3\">ga verder<\/a><a href=\"#content\"><img loading=\"lazy\" decoding=\"async\" class=\"alignright wp-image-666 size-full\" src=\"https:\/\/userblogs.fu-berlin.de\/dutch\/files\/2020\/04\/erhoehen-ansteigen2-e1585913571900.png\" alt=\"\" width=\"40\" height=\"40\" \/><\/a><\/p>\r\n<p>&nbsp;<\/p>\r\n<p><img loading=\"lazy\" decoding=\"async\" class=\" wp-image-997 aligncenter\" src=\"https:\/\/userblogs.fu-berlin.de\/dutch\/files\/2020\/04\/line.jpg\" alt=\"\" width=\"391\" height=\"9\" \/><\/p>\r\n<p>&nbsp;<\/p>\r\n<h3><strong>3. <a id=\"3\"><\/a>Luister naar het audiofragment. Tony vertelt over zijn persoonlijke gebruik van de vormen <em>gij<\/em>, <em>jij<\/em> en<em> u<\/em>.<\/strong><\/h3>\r\n<audio class=\"wp-audio-shortcode\" id=\"audio-2490-2\" preload=\"none\" style=\"width: 100%;\" controls=\"controls\"><source type=\"audio\/mpeg\" src=\"https:\/\/userblogs.fu-berlin.de\/dutch\/files\/2020\/06\/aanspreekvormen-Tony.mp3?_=2\" \/><a href=\"https:\/\/userblogs.fu-berlin.de\/dutch\/files\/2020\/06\/aanspreekvormen-Tony.mp3\">https:\/\/userblogs.fu-berlin.de\/dutch\/files\/2020\/06\/aanspreekvormen-Tony.mp3<\/a><\/audio>\r\n<div class=\"h5p-iframe-wrapper\"><iframe id=\"h5p-iframe-1255\" class=\"h5p-iframe\" data-content-id=\"1255\" style=\"height:1px\" src=\"about:blank\" frameBorder=\"0\" scrolling=\"no\" title=\"variatie_BN_C1_aanspreekvormen_3\"><\/iframe><\/div>\r\n<p>&nbsp;<\/p>\r\n<p><a class=\"button\" href=\"#4\">ga verder<\/a><a href=\"#content\"><img loading=\"lazy\" decoding=\"async\" class=\"alignright wp-image-666 size-full\" src=\"https:\/\/userblogs.fu-berlin.de\/dutch\/files\/2020\/04\/erhoehen-ansteigen2-e1585913571900.png\" alt=\"\" width=\"40\" height=\"40\" \/><\/a><\/p>\r\n<p>&nbsp;<\/p>\r\n<p><img loading=\"lazy\" decoding=\"async\" class=\" wp-image-997 aligncenter\" src=\"https:\/\/userblogs.fu-berlin.de\/dutch\/files\/2020\/04\/line.jpg\" alt=\"\" width=\"391\" height=\"9\" \/><\/p>\r\n<p><a id=\"4\"><\/a><br \/><div class=\"h5p-iframe-wrapper\"><iframe id=\"h5p-iframe-1256\" class=\"h5p-iframe\" data-content-id=\"1256\" style=\"height:1px\" src=\"about:blank\" frameBorder=\"0\" scrolling=\"no\" title=\"variatie_BN_C1_aanspreekvormen_4\"><\/iframe><\/div><\/p>\r\n<p><a class=\"button\" href=\"#5\">ga verder<\/a><a href=\"#content\"><img loading=\"lazy\" decoding=\"async\" class=\"alignright wp-image-666 size-full\" src=\"https:\/\/userblogs.fu-berlin.de\/dutch\/files\/2020\/04\/erhoehen-ansteigen2-e1585913571900.png\" alt=\"\" width=\"40\" height=\"40\" \/><\/a><\/p>\r\n<p>&nbsp;<\/p>\r\n<p><img loading=\"lazy\" decoding=\"async\" class=\" wp-image-997 aligncenter\" src=\"https:\/\/userblogs.fu-berlin.de\/dutch\/files\/2020\/04\/line.jpg\" alt=\"\" width=\"391\" height=\"9\" \/><\/p>\r\n<p><a id=\"5\"><\/a><br \/><div class=\"h5p-iframe-wrapper\"><iframe id=\"h5p-iframe-1257\" class=\"h5p-iframe\" data-content-id=\"1257\" style=\"height:1px\" src=\"about:blank\" frameBorder=\"0\" scrolling=\"no\" title=\"variatie_BN_C1_aanspreekvormen_5\"><\/iframe><\/div><\/p>\r\n<p>&nbsp;<\/p>\r\n<p><a href=\"#content\"><img loading=\"lazy\" decoding=\"async\" class=\"alignright wp-image-666 size-full\" src=\"https:\/\/userblogs.fu-berlin.de\/dutch\/files\/2020\/04\/erhoehen-ansteigen2-e1585913571900.png\" alt=\"\" width=\"40\" height=\"40\" \/><\/a><\/p>\r\n<p>&nbsp;<\/p>\r\n<p>&nbsp;<\/p>\r\n\r\n<p>&nbsp;<\/p>\r\n","protected":false},"excerpt":{"rendered":"<p>Aanspreekvormen Hier vind je 5 oefeningen over: de taalvariatie: Belgisch-Nederlands de taalfunctie: aanspreekvormen Oefeningen Luister naar het audiofragment. Nathalie vergelijkt het gebruik van de beleefdheidsvorm in Belgi\u00eb en Duitsland. Hoe ervaart Nathalie de Duitse aanspreekvorm Sie? Kies \u00e9\u00e9n of meer antwoorden. (Audio) Luister opnieuw naar het audiofragment in vraag 1. Wat klopt? (Audio) Luister naar &#8230; <a title=\"Variatie BN C1 aanspreekvormen\" class=\"read-more\" href=\"https:\/\/userblogs.fu-berlin.de\/dutch\/2020\/06\/24\/variatie-bn-c1-aanspreekvormen\/\" aria-label=\"Lees meer over Variatie BN C1 aanspreekvormen\">Lees verder<\/a><\/p>\n","protected":false},"author":5209,"featured_media":0,"comment_status":"closed","ping_status":"open","sticky":false,"template":"","format":"standard","meta":{"footnotes":""},"categories":[370129,350828],"tags":[356453,358004,355753],"class_list":["post-2490","post","type-post","status-publish","format-standard","hentry","category-aanspreekvormen","category-oefeningen","tag-belgisch-nederlands","tag-belgisch-nederlands-c1-c2","tag-c1-c2"],"_links":{"self":[{"href":"https:\/\/userblogs.fu-berlin.de\/dutch\/wp-json\/wp\/v2\/posts\/2490","targetHints":{"allow":["GET"]}}],"collection":[{"href":"https:\/\/userblogs.fu-berlin.de\/dutch\/wp-json\/wp\/v2\/posts"}],"about":[{"href":"https:\/\/userblogs.fu-berlin.de\/dutch\/wp-json\/wp\/v2\/types\/post"}],"author":[{"embeddable":true,"href":"https:\/\/userblogs.fu-berlin.de\/dutch\/wp-json\/wp\/v2\/users\/5209"}],"replies":[{"embeddable":true,"href":"https:\/\/userblogs.fu-berlin.de\/dutch\/wp-json\/wp\/v2\/comments?post=2490"}],"version-history":[{"count":4,"href":"https:\/\/userblogs.fu-berlin.de\/dutch\/wp-json\/wp\/v2\/posts\/2490\/revisions"}],"predecessor-version":[{"id":3896,"href":"https:\/\/userblogs.fu-berlin.de\/dutch\/wp-json\/wp\/v2\/posts\/2490\/revisions\/3896"}],"wp:attachment":[{"href":"https:\/\/userblogs.fu-berlin.de\/dutch\/wp-json\/wp\/v2\/media?parent=2490"}],"wp:term":[{"taxonomy":"category","embeddable":true,"href":"https:\/\/userblogs.fu-berlin.de\/dutch\/wp-json\/wp\/v2\/categories?post=2490"},{"taxonomy":"post_tag","embeddable":true,"href":"https:\/\/userblogs.fu-berlin.de\/dutch\/wp-json\/wp\/v2\/tags?post=2490"}],"curies":[{"name":"wp","href":"https:\/\/api.w.org\/{rel}","templated":true}]}}