{"id":169,"date":"2025-01-14T11:12:51","date_gmt":"2025-01-14T10:12:51","guid":{"rendered":"https:\/\/userblogs.fu-berlin.de\/ewi_biwi\/?p=169"},"modified":"2025-01-14T11:12:51","modified_gmt":"2025-01-14T10:12:51","slug":"das-studium-waehrend-einer-pandemie","status":"publish","type":"post","link":"https:\/\/userblogs.fu-berlin.de\/ewi_biwi\/2025\/01\/14\/das-studium-waehrend-einer-pandemie\/","title":{"rendered":"Das Studium w\u00e4hrend einer Pandemie:"},"content":{"rendered":"\n<h3 class=\"wp-block-heading\">Zwischen Home-Office und Mental Health<\/h3>\n\n\n\n<h4 class=\"has-text-align-right wp-block-heading\">(Ein Beitrag von Anonym)<\/h4>\n\n\n\n<p>Im Februar 2020 habe ich das letzte mal &#8222;normal&#8220; in einem Seminarraum gesessen. Das dritte Fachsemester meines Studiums war fast beendet, noch ein paar Pr\u00fcfungsleistungen, die Masterarbeit und ich war bereit f\u00fcrs Berufsleben &#8211; ein oder zwei Semester w\u00fcrde ich noch brauchen, dann ging es in die gro\u00dfe weite Welt hinaus. <br>Tja &#8211; und dann kam Corona. Damit gerechnet habe ich nicht, wie wohl keiner so richtig. So ein kleiner Virus. Vogelgrippe war ja auch schon da. Ach, das wird sich sicher bald erledigt haben. <br>Aber dass es noch eineinhalb Jahre sp\u00e4ter noch einen so gro\u00dfen Einfluss auf mein (Studien)Alltag haben w\u00fcrde, h\u00e4tte ich beim besten Willen nicht gedacht. Die Semesterferien vergingen &#8211; der Forschungsbericht schrieb sich leider nicht von allein. Und auch als das neue Semester begann &#8211; versp\u00e4tet und f\u00fcr die meisten digital. Ich habe ich nur im Home Office gesessen. Meine Pr\u00e4senzveranstaltungen waren alle abgeschlossen, im vierten Mastersemester ist ausschlie\u00dflich Zeit f\u00fcr die Masterarbeit eingeplant. Aber davon war ich weit entfernt &#8211; wie auch jetzt noch. Selbstisolation war das Stichwort &#8211; die Zeit von Puzzle, Zoom-Spieleabenden und Bananenbrot begann. Zun\u00e4chst eigentlich ganz nett. <\/p>\n\n\n\n<p>Eineinhalb Jahr sp\u00e4ter und noch immer hat sich f\u00fcr mich nicht viel ver\u00e4ndert. Ich bin an 4 von 5 Tagen Zuhause, mehr oder weniger im Home Office. Bananenbrot gibt es mittlerweile weniger, Puzzeln war letztes Jahr irgendwie cooler und die Spieleabende finden manchmal mittweile sogar schon Zuhause statt &#8211; oder gar nicht mehr.<br>Dank des neuen Nebenjobs kann ich wenigsten einen Tag in der Woche mal raus aus meiner WG. Die selben vier W\u00e4nde, das selbe Leben Tag f\u00fcr Tag. Einen Rhythmus und eine Tagesstruktur zu bekommen fiel mir fr\u00fcher nie schwer &#8211; heute ist das wie die gr\u00f6\u00dfte Mammutaufgabe. Immer wieder aufs Neue muss ich mich aufraffen. Initiativen helfen oft nicht langfristig. Ich gebe schnell auf &#8211; die neue Netflix-Show ruft schon meinen Namen. <br>Die Tatsache, dass es vielen so geht, hilft, aber nach einer Weile kriegen alle ihre Leben wieder in den Griff &#8211; nur ich scheinbar nicht. Wann war ich eigentlich das letzte mal drau\u00dfen? Ich m\u00fcsste dringend mal wieder einkaufen.<\/p>\n\n\n\n<p>Eine Corona-Depression gepaart mit genereller Anxiety und etwas, was meine Freundin ein akademisches Burnout nennt. Keine gute Kombi. <\/p>\n\n\n\n<p>Und trotzdem &#8211; ich will das Studium abschlie\u00dfen. Die letzten Module noch und dann endlich die Masterarbeit. Jeden Tag denke ich dran: &#8222;Ich m\u00fcsste ja eigentlich nur endlich mal wieder in einen guten Rhythmus kommen &#8211; einfach nur anfangen, dann ist alles halb so wild.&#8220; Und dann vergeht wieder ein Tag an dem ich diese eine Schublade aufger\u00e4umt habe, die schon seit Monaten durcheinander ist, und ein weiterer Tag, an dem ich echt gut mit dem H\u00f6rbuch weitergekommen bin, was ich schon so lange fertig h\u00f6ren will. Das Bananenbrot ist im Ofen und ich \u00fcberlege, ob ich nicht eigentlich mal wieder anfangen sollte Sims zu spielen.<br>So richtig abschalten kann ich dabei nicht, weil steht&#8217;s das kleine Monster im Hinterkopf versucht mir ein schlechtes Gewissen einzureden. Warum eigentlich? Pausen machen ist wichtig. Stress reduzieren tut mir gut. Mental Health ist das gro\u00dfe Stichwort. Aber zwischen aktivem Entspannen und einfach nur vor sich hin vegetieren liegen doch nochmal ein paar Welten. <br><br>Ich nehme mir also mal wieder vor:<br>Morgen geht&#8217;s los &#8211; vielleicht halte ich mich diesmal sogar dran?<\/p>\n","protected":false},"excerpt":{"rendered":"<p>Zwischen Home-Office und Mental Health (Ein Beitrag von Anonym) Im Februar 2020 habe ich das letzte mal &#8222;normal&#8220; in einem Seminarraum gesessen. Das dritte Fachsemester meines Studiums war fast beendet, noch ein paar Pr\u00fcfungsleistungen, die Masterarbeit und ich war bereit f\u00fcrs Berufsleben &#8211; ein oder zwei Semester w\u00fcrde ich noch brauchen, dann ging es in &hellip; <a href=\"https:\/\/userblogs.fu-berlin.de\/ewi_biwi\/2025\/01\/14\/das-studium-waehrend-einer-pandemie\/\" class=\"more-link\"><span class=\"screen-reader-text\">Das Studium w\u00e4hrend einer Pandemie:<\/span> weiterlesen<\/a><\/p>\n","protected":false},"author":6168,"featured_media":0,"comment_status":"open","ping_status":"open","sticky":false,"template":"","format":"standard","meta":{"footnotes":""},"categories":[91],"tags":[],"class_list":["post-169","post","type-post","status-publish","format-standard","hentry","category-allgemein"],"_links":{"self":[{"href":"https:\/\/userblogs.fu-berlin.de\/ewi_biwi\/wp-json\/wp\/v2\/posts\/169","targetHints":{"allow":["GET"]}}],"collection":[{"href":"https:\/\/userblogs.fu-berlin.de\/ewi_biwi\/wp-json\/wp\/v2\/posts"}],"about":[{"href":"https:\/\/userblogs.fu-berlin.de\/ewi_biwi\/wp-json\/wp\/v2\/types\/post"}],"author":[{"embeddable":true,"href":"https:\/\/userblogs.fu-berlin.de\/ewi_biwi\/wp-json\/wp\/v2\/users\/6168"}],"replies":[{"embeddable":true,"href":"https:\/\/userblogs.fu-berlin.de\/ewi_biwi\/wp-json\/wp\/v2\/comments?post=169"}],"version-history":[{"count":1,"href":"https:\/\/userblogs.fu-berlin.de\/ewi_biwi\/wp-json\/wp\/v2\/posts\/169\/revisions"}],"predecessor-version":[{"id":170,"href":"https:\/\/userblogs.fu-berlin.de\/ewi_biwi\/wp-json\/wp\/v2\/posts\/169\/revisions\/170"}],"wp:attachment":[{"href":"https:\/\/userblogs.fu-berlin.de\/ewi_biwi\/wp-json\/wp\/v2\/media?parent=169"}],"wp:term":[{"taxonomy":"category","embeddable":true,"href":"https:\/\/userblogs.fu-berlin.de\/ewi_biwi\/wp-json\/wp\/v2\/categories?post=169"},{"taxonomy":"post_tag","embeddable":true,"href":"https:\/\/userblogs.fu-berlin.de\/ewi_biwi\/wp-json\/wp\/v2\/tags?post=169"}],"curies":[{"name":"wp","href":"https:\/\/api.w.org\/{rel}","templated":true}]}}