{"id":208,"date":"2025-01-14T11:31:01","date_gmt":"2025-01-14T10:31:01","guid":{"rendered":"https:\/\/userblogs.fu-berlin.de\/ewi_biwi\/?p=208"},"modified":"2025-01-14T11:31:01","modified_gmt":"2025-01-14T10:31:01","slug":"zweiter-bildungsweg-ewi-studium","status":"publish","type":"post","link":"https:\/\/userblogs.fu-berlin.de\/ewi_biwi\/2025\/01\/14\/zweiter-bildungsweg-ewi-studium\/","title":{"rendered":"Zweiter Bildungsweg: Ewi-Studium"},"content":{"rendered":"\n<h3 class=\"wp-block-heading\">Ein Einblick einer Studentin und Mentorin<\/h3>\n\n\n\n<h4 class=\"has-text-align-right wp-block-heading\">(Ein Beitrag von Eva Sommer)<\/h4>\n\n\n\n<p><\/p>\n\n\n\n<p>Ich bin ja aus Neugier als alte Frau zur FU gekommen, weil ich eine Weiterbildung zur Fenkid Kursleiterin gemacht hatte (das sind so Mutter\/Baby Gruppen) und fand, ich m\u00fcsste fundiertere Grundkenntnis erwerben.<br>Ich hab erstmal vorsichtig nebenberuflich angefangen und hab gro\u00dfe Ber\u00fchrungsangst gehabt, weil ich dachte, dass die jungen Menschen mich f\u00fcr verr\u00fcckt halten und mich ablehnen oder zumindest peinlich finden. Aber ich bin so freundlich, vorurteilsfrei und unterst\u00fctzend aufgenommen worden! Die Atmosph\u00e4re war so weltoffen, tolerant und wertfrei wie ich es noch nirgendwo sonst auf der Welt erlebt habe!<br>Wie Du vielleicht wei\u00dft arbeite ich hauptberuflich im Flugzeug und habe in meinen 55 Lebensjahren schon sehr viel erlebt und unterschiedlichste Kulturen gesehen und mitgelebt!<br>Aber die FU -Miteinander-F\u00fcreinander-Durcheinander Kultur hat meinen Blick aufs Leben sehr positiv gemacht! Das Studium hat vom ersten Tag an Spa\u00df gemacht und fiel mir leichter als gedacht, nur das mit der Technik hat mich ein paar Semester verunsichert! Aber dann traf ich Lara im Empirische Sozialforschung Seminar -und sie hat mir mit so viel Geduld und Struktur Campus Management und Apple erkl\u00e4rt, dass ich auch die Online Lehre als Bereicherung empfinden konnte.<\/p>\n\n\n\n<p>Mein Entschluss mich f\u00fcrs Mentoring zu bewerben entstand, als ich die Ausschreibung las und mich daran erinnerte, wie sehr mir meine Mentorin geholfen hat. Sie war immer da, wenn ich drohte zu scheitern, weil ich mich selbst unter Druck gesetzt habe und hat mich ermutigt, meine eigenen Tempi und Modi zu finden.<br>Sie hat mir damals die M\u00f6glichkeit gezeigt Teilzeit zu studieren, als ich anfangs zu selten in Pr\u00e4senz anwesend sein konnte. Ich fand es so f\u00fcrsorglich, dass die Mentorinnen im ersten Semester sogar die Klausur f\u00fcr uns in H\u00e4ppchen aufbereitet haben und wir jederzeit Fragen und \u00c4ngste \u00e4u\u00dfern konnten. Diese unkomplizierte und jederzeit individuell zugewandte Haltung von allen! Dozierenden, Kommilitoninnen aber auch den Professorinnen und besonders von Frau Heinze-Drinda [Leitung des Studien- und Pr\u00fcfungsb\u00fcros], vor der ich einen Heidenrespekt hatte, war so anders als der Umgangston in Schule oder beruflichem Umfeld, dass ich immer dachte, dass ich am liebsten f\u00fcr immer an der Uni bleiben w\u00fcrde!<br>Aber ich wusste auch immer, dass ich mein sicheres und geliebtes Standbein bei der Lufthansa nie ganz aufgeben wollen w\u00fcrde! Ich bin auf jeden Fall dank dieser T\u00e4tigkeit nat\u00fcrlich ausgesprochen offen und kontaktfreudig. Eine meiner St\u00e4rken ist, dass ich viele Seminare auflockere, weil ich wenig besorgt um mein Image bin (mich halten eh die meisten f\u00fcr nett &#8211; verr\u00fcckt -). Ich schreibe auch fremde Kommilitoninnen&nbsp;an, wenn ich etwas wissen m\u00f6chte und ich traue mich die Fragen zu stellen, die sich alle stellen, w\u00e4hrend die Anderen dann manchmal Angst haben, sie s\u00e4hen dann dumm aus! So habe ich auch immer vor den Klausuren Lerngruppen gegr\u00fcndet und uns vernetzt.<br>In der Zusammenarbeit mit Lara stellte sich schnell heraus, dass wir uns gut erg\u00e4nzen. Ich bin unbefangen und forsch, mag eigentlich alle Pers\u00f6nlichkeiten und kann schnell Menschen \u201e\u00f6ffnen\u201c und das Eis brechen. Lara wei\u00df wo alles steht, ist super strukturiert und organisiert, wei\u00df die Studienordnung, alle Termine und R\u00e4ume, hat&nbsp;mega den Durchblick bei allen technischen Fragen und fuchst sich unendlich geduldig in alles ein!!<br>Als ich den Aufruf f\u00fcrs Mentoring damals las, wusste ich sofort &#8211; wenn k\u00f6nnen wir das nur zusammen machen &#8211; und Lara war sofort genauso motiviert und neugierig! Wir haben dann einfach ein Interview gemeinsam aufgenommen, weil wir grade nach den Hausarbeiten und Klausuren so schreibm\u00fcde waren und auch dachten, dass wir da am einfachsten erkl\u00e4ren k\u00f6nnen, was an unserer Mischung das Passende und Geeignete ist. Wir waren uns sicher &#8211; entweder die nehmen uns so wie wir sind, oder wir m\u00f6chten das nicht machen. Und das Interview mit Tine [Christine Posern, Mentoring Ewi] war dann so nett und klar, dass wir gegenseitig ziemlich schnell wussten &#8211; das passt und ist genau das, was wir uns vorgestellt haben.<br>Und es war so viel Verst\u00e4ndnis f\u00fcr unsere etwas schwierigen Terminierungen (aufgrund meiner Dienstpl\u00e4ne) und uns wurde so viel Vertrauen entgegen gebracht und Freiheit gegeben durch Tine und das Team! Das war sofort super! Mich hatte das schon vorher immer interessiert &#8211; aber ich dachte in den ersten Semestern, dass ich mit mir genug zu tun h\u00e4tte und keine Kapazit\u00e4ten frei w\u00e4ren. Aber im letzten Jahr war ich dann schon weiter fortgeschritten als ich es je f\u00fcr m\u00f6glich gehalten hatte (dank Corona und leeren Flugpl\u00e4nen) und so haben wir uns ein Herz gefasst! Auch weil wir beide gerne mehr Routine im Vortragen\/Moderieren\/vor einer Gruppe reden \u00fcben wollten! Ich bin bei Referaten immer so aufgeregt und dachte, es w\u00e4re doch gut das Sprechen vor Gruppen zu \u00fcben! Und so eine Gruppe Erstis machte mir weniger Angst als eine Gruppe Masterstudierende!<br>Auch hatte ich gro\u00dfe Lust fundiertes Werkzeug kennenzulernen. Das Seminar zum Mentoring hat da gute Dienste geleistet! Zus\u00e4tzlich motiviert hat mich das Geld, aber vor allem die LP im ABV, weil ich da noch gar nicht angefangen hatte Kurse zu belegen.<br>Ich glaube meine offene Unbefangenheit und dieses Lockere hat mir mit den Mentees sehr geholfen. Sie haben sich schnell ge\u00f6ffnet und waren unfassbar offen und neugierig und dankbar, dass wir Ihnen immer wieder die Angst nehmen, nicht gut genug zu sein. <br>Jetzt ist da eine echt tolle Truppe zusammengewachsen, die so fr\u00f6hlich, tapfer und pfiffig unterwegs sind! Und der FU Spirit ist so angekommen bei denen, dass wir ganz verknallt sind in unsere Mentees und beide am Liebsten mit denen gemeinsam studieren w\u00fcrden!<br>Au\u00dferdem bin ich nat\u00fcrlich mit meiner nebenberuflichen Studiererei Ansprechpartnerin f\u00fcr alle \u201e\u00e4lteren\u201c Studierenden! Und Lara holt die jungen Studis ab, die sonst wahrscheinlich abgeschreckt w\u00e4ren von meinem Alter! \ud83d\ude09<\/p>\n","protected":false},"excerpt":{"rendered":"<p>Ein Einblick einer Studentin und Mentorin (Ein Beitrag von Eva Sommer) Ich bin ja aus Neugier als alte Frau zur FU gekommen, weil ich eine Weiterbildung zur Fenkid Kursleiterin gemacht hatte (das sind so Mutter\/Baby Gruppen) und fand, ich m\u00fcsste fundiertere Grundkenntnis erwerben.Ich hab erstmal vorsichtig nebenberuflich angefangen und hab gro\u00dfe Ber\u00fchrungsangst gehabt, weil ich &hellip; <a href=\"https:\/\/userblogs.fu-berlin.de\/ewi_biwi\/2025\/01\/14\/zweiter-bildungsweg-ewi-studium\/\" class=\"more-link\"><span class=\"screen-reader-text\">Zweiter Bildungsweg: Ewi-Studium<\/span> weiterlesen<\/a><\/p>\n","protected":false},"author":6168,"featured_media":0,"comment_status":"open","ping_status":"open","sticky":false,"template":"","format":"standard","meta":{"footnotes":""},"categories":[91],"tags":[],"class_list":["post-208","post","type-post","status-publish","format-standard","hentry","category-allgemein"],"_links":{"self":[{"href":"https:\/\/userblogs.fu-berlin.de\/ewi_biwi\/wp-json\/wp\/v2\/posts\/208","targetHints":{"allow":["GET"]}}],"collection":[{"href":"https:\/\/userblogs.fu-berlin.de\/ewi_biwi\/wp-json\/wp\/v2\/posts"}],"about":[{"href":"https:\/\/userblogs.fu-berlin.de\/ewi_biwi\/wp-json\/wp\/v2\/types\/post"}],"author":[{"embeddable":true,"href":"https:\/\/userblogs.fu-berlin.de\/ewi_biwi\/wp-json\/wp\/v2\/users\/6168"}],"replies":[{"embeddable":true,"href":"https:\/\/userblogs.fu-berlin.de\/ewi_biwi\/wp-json\/wp\/v2\/comments?post=208"}],"version-history":[{"count":1,"href":"https:\/\/userblogs.fu-berlin.de\/ewi_biwi\/wp-json\/wp\/v2\/posts\/208\/revisions"}],"predecessor-version":[{"id":209,"href":"https:\/\/userblogs.fu-berlin.de\/ewi_biwi\/wp-json\/wp\/v2\/posts\/208\/revisions\/209"}],"wp:attachment":[{"href":"https:\/\/userblogs.fu-berlin.de\/ewi_biwi\/wp-json\/wp\/v2\/media?parent=208"}],"wp:term":[{"taxonomy":"category","embeddable":true,"href":"https:\/\/userblogs.fu-berlin.de\/ewi_biwi\/wp-json\/wp\/v2\/categories?post=208"},{"taxonomy":"post_tag","embeddable":true,"href":"https:\/\/userblogs.fu-berlin.de\/ewi_biwi\/wp-json\/wp\/v2\/tags?post=208"}],"curies":[{"name":"wp","href":"https:\/\/api.w.org\/{rel}","templated":true}]}}