{"id":212,"date":"2025-01-14T11:32:16","date_gmt":"2025-01-14T10:32:16","guid":{"rendered":"https:\/\/userblogs.fu-berlin.de\/ewi_biwi\/?p=212"},"modified":"2025-01-16T10:54:27","modified_gmt":"2025-01-16T09:54:27","slug":"vom-studienkolleg-in-den-bachelor","status":"publish","type":"post","link":"https:\/\/userblogs.fu-berlin.de\/ewi_biwi\/2025\/01\/14\/vom-studienkolleg-in-den-bachelor\/","title":{"rendered":"Vom Studienkolleg in den Bachelor"},"content":{"rendered":"\n<h3 class=\"wp-block-heading\">Ein Erfahrungsbericht<\/h3>\n\n\n\n<h4 class=\"has-text-align-right wp-block-heading\">(Ein Beitrag von Anonym)<\/h4>\n\n\n\n<p><\/p>\n\n\n\n<p>Nach dem Studienkolleg fing ich das Bachelorstudium Bildungs- und Erziehungswissenschaft an der FU Berlin an. Damals war ich ganz neu in Berlin, deswegen freute ich mich einerseits \u00fcber den Beginn des Studiums, anderseits war das nat\u00fcrlich auch eine Herausforderung f\u00fcr mich. Beim Einstieg ins Studium haben die Orientierungswoche und das Mentoring eine gro\u00dfe Hilfe f\u00fcr mich dargestellt.<\/p>\n\n\n\n<p>Im Bachelorstudium sind die Themenbereiche sehr umfangreich. F\u00fcr mich waren besonders die Themen im Rahmen der fr\u00fchkindlichen Bildung besonders interessant. Dieses Wissen nutze ich auch jetzt gerade in meiner Arbeit als Erzieherin regelm\u00e4\u00dfig. Das Fach umfasste aber auch andere p\u00e4dagogische Bereiche, die mich interessierten, wie zum Beispiel den Bereich der Weiterbildung.<br>In Modulen des Affinen Bereichs und des Studienbereichs Allgemeine Berufsvorbereitung (ABV) konnte ich au\u00dferdem aus einer gro\u00dfen Auswahl w\u00e4hlen. Ich konnte die Kurse ausw\u00e4hlen, die f\u00fcr mich interessant und n\u00fctzlich waren. Meine Pr\u00e4sentationskompetenz hat sich z.B. verbessert, nachdem ich den Kurs Informationskompetenz (ABV) besucht habe.<br>Im Studium habe ich so viel gelernt, besonders in fachlichen, theoretischen und methodischen Kompetenzen. Es ist immer sch\u00f6n, theoretisches Wissen und neue Kenntnisse, was ich im Studium gelernt habe, in die Praxis umsetzen zu k\u00f6nnen. Au\u00dferdem habe ich in der Uni auch ein paar Freunde kennengelernt, die mir viel Hilfe, Inspiration und Liebe gegeben haben und mein Uni-Leben voller Gl\u00fcck und Freude erf\u00fcllt haben.<\/p>\n\n\n\n<p>Insgesamt war mein Bachelorstudium eine tolle Zeit, die ich nie vergessen werde. Ich w\u00fcrde das Studium an der FU Berlin auf jeden Fall weiterempfehlen.<\/p>\n","protected":false},"excerpt":{"rendered":"<p>Ein Erfahrungsbericht (Ein Beitrag von Anonym) Nach dem Studienkolleg fing ich das Bachelorstudium Bildungs- und Erziehungswissenschaft an der FU Berlin an. Damals war ich ganz neu in Berlin, deswegen freute ich mich einerseits \u00fcber den Beginn des Studiums, anderseits war das nat\u00fcrlich auch eine Herausforderung f\u00fcr mich. Beim Einstieg ins Studium haben die Orientierungswoche und &hellip; <a href=\"https:\/\/userblogs.fu-berlin.de\/ewi_biwi\/2025\/01\/14\/vom-studienkolleg-in-den-bachelor\/\" class=\"more-link\"><span class=\"screen-reader-text\">Vom Studienkolleg in den Bachelor<\/span> weiterlesen<\/a><\/p>\n","protected":false},"author":6168,"featured_media":0,"comment_status":"closed","ping_status":"closed","sticky":false,"template":"","format":"standard","meta":{"footnotes":""},"categories":[91],"tags":[],"class_list":["post-212","post","type-post","status-publish","format-standard","hentry","category-allgemein"],"_links":{"self":[{"href":"https:\/\/userblogs.fu-berlin.de\/ewi_biwi\/wp-json\/wp\/v2\/posts\/212","targetHints":{"allow":["GET"]}}],"collection":[{"href":"https:\/\/userblogs.fu-berlin.de\/ewi_biwi\/wp-json\/wp\/v2\/posts"}],"about":[{"href":"https:\/\/userblogs.fu-berlin.de\/ewi_biwi\/wp-json\/wp\/v2\/types\/post"}],"author":[{"embeddable":true,"href":"https:\/\/userblogs.fu-berlin.de\/ewi_biwi\/wp-json\/wp\/v2\/users\/6168"}],"replies":[{"embeddable":true,"href":"https:\/\/userblogs.fu-berlin.de\/ewi_biwi\/wp-json\/wp\/v2\/comments?post=212"}],"version-history":[{"count":1,"href":"https:\/\/userblogs.fu-berlin.de\/ewi_biwi\/wp-json\/wp\/v2\/posts\/212\/revisions"}],"predecessor-version":[{"id":213,"href":"https:\/\/userblogs.fu-berlin.de\/ewi_biwi\/wp-json\/wp\/v2\/posts\/212\/revisions\/213"}],"wp:attachment":[{"href":"https:\/\/userblogs.fu-berlin.de\/ewi_biwi\/wp-json\/wp\/v2\/media?parent=212"}],"wp:term":[{"taxonomy":"category","embeddable":true,"href":"https:\/\/userblogs.fu-berlin.de\/ewi_biwi\/wp-json\/wp\/v2\/categories?post=212"},{"taxonomy":"post_tag","embeddable":true,"href":"https:\/\/userblogs.fu-berlin.de\/ewi_biwi\/wp-json\/wp\/v2\/tags?post=212"}],"curies":[{"name":"wp","href":"https:\/\/api.w.org\/{rel}","templated":true}]}}