{"id":230,"date":"2025-01-14T11:38:07","date_gmt":"2025-01-14T10:38:07","guid":{"rendered":"https:\/\/userblogs.fu-berlin.de\/ewi_biwi\/?p=230"},"modified":"2025-01-14T11:38:07","modified_gmt":"2025-01-14T10:38:07","slug":"fachschaftsinitiative-was-wer-und-wie","status":"publish","type":"post","link":"https:\/\/userblogs.fu-berlin.de\/ewi_biwi\/2025\/01\/14\/fachschaftsinitiative-was-wer-und-wie\/","title":{"rendered":"Fachschaftsinitiative &#8211; Was, Wer und Wie?"},"content":{"rendered":"\n<h4 class=\"has-text-align-right wp-block-heading\">(Ein Beitrag von Lara Schaper)<\/h4>\n\n\n\n<p>Was genau eine Fachschaftsinitiative  &#8211; kurz FSI &#8211; ist, liest sich wunderbar in einen tollen <a rel=\"noreferrer noopener\" href=\"https:\/\/www.fu-berlin.de\/sites\/dse\/studium\/_inhaltselemente\/Fachschaftsinitiative.html\" target=\"_blank\">Beitrag<\/a> von Matthias Greve auf der Seite der Freien Universit\u00e4t. Dem haben wir nichts hinzuzuf\u00fcgen =)<\/p>\n\n\n\n<p>Als Fach der Bildungs- und Erziehungswissenschaft haben wir eine facheigene FSI mit dem klangvollen Namen FSI Bi*Er. Prost.<\/p>\n\n\n\n<p>Die lieben Menschen der FSI Bi*Er haben sich die M\u00fche gemacht und einmal ein bisschen aufzuschreiben, wie sie in der Gruppe zusammen arbeiten, was sie ausmacht und woran sie konkret arbeiten. Lest hier den Text:<\/p>\n\n\n\n<hr class=\"wp-block-separator has-alpha-channel-opacity is-style-wide\" \/>\n\n\n\n<p>Da wir als Fachschaftsinitiative (FSI) eine gr\u00f6\u00dfere Gruppe von verschiedensten Engagierten sind, vertreten wir nicht alle die gleiche politische Meinung und das ist auch gut so. Wie die meisten anderen FSI\u2018s haben auch wir einen basisdemokratischen Anspruch und sind deshalb genauso auf Mitglieder und Teilnehmende angewiesen, um fortzubestehen. In der FSI Bi*Er m\u00f6chten wir partizipativ, kritisch und gemeinschaftlich arbeiten, wir setzen uns f\u00fcr ein selbstbestimmtes Studieren ein und lehnen jede Form von Diskriminierung ab!<\/p>\n\n\n\n<p>Wir m\u00f6chten die Interessen der Bi*Er-Studierenden vertreten und uns f\u00fcr eine Struktur am Fachbereich und an der ganzen Uni stark machen, die gemeinsame Aushandlung zwischen Kommiliton*innen, Lehrenden und Verwaltung zul\u00e4sst und f\u00f6rdert.<\/p>\n\n\n\n<p>Unsere Projektarbeit ist die Organisation und Durchf\u00fchrung von Veranstaltungen und Ideen, die aus der Studierendenschaft entstehen. Dazu geh\u00f6ren einige liebgewonnene Klassiker, wie die Orientierungswoche, die Ersti-Fahrt, der Fachbereichstag und die Winterfeier. Dar\u00fcber hinaus ist aber Einiges denkbar: Zeitungen, Podcasts, Mentoring, Stammtisch, Alumni Treffen und was noch so an Ideen aufkommt; Alles ist gern gesehen.<\/p>\n\n\n\n<p>Wir versuchen au\u00dferdem, euch \u00fcber unseren Mailverteiler zu informieren und so gut es geht erreichbar zu bleiben. Falls ihr auch die Mails von unserem Mailverteiler bekommen m\u00f6chtet, schickt uns doch bitte eine Email an: fsiewi@zedat.fu-berlin.de. Ansonsten findet ihr uns auch in unserem Raum (KL24\/141), an dessen T\u00fcr auch ein Briefkasten h\u00e4ngt. Kommt vorbei, quatscht uns an, wir freuen uns!<\/p>\n\n\n\n<p>Die FSI ist ein loser Zusammenschluss von Studierenden. Wir sind f\u00fcr alle Leute offen, die Lust haben, an der Uni nicht nur ihre Scheine und Pr\u00fcfungen abzulegen, sondern die sich auch f\u00fcr das interessieren, was meist hinter den Kulissen ohne uns entschieden wird.<\/p>\n\n\n\n<p>Die Fachschaftsinis treffen sich in der Regel alle paar Wochen zum Plenum, um die jeweils anstehenden Themen, Probleme und Aktionen zu besprechen. Durch Organisation von Erstsemestereinf\u00fchrungen, Partys, Wochenendfahrten, Studienberatung, alternativen Veranstaltungen etc. bereichern wir den Studienalltag.<\/p>\n\n\n\n<p>Nur wenn sich viele Studis aktiv in den politischen Prozess an der Hochschule einbringen, ist Gremienarbeit als ein Element der politischen Arbeit sinnvoll. Wir wollen eine Uni, die nicht nur eine Ausbildungsst\u00e4tte ist, sondern auch Raum f\u00fcr eigenes Erfahren, Gestalten, Erleben und Ver\u00e4ndern bietet.<\/p>\n","protected":false},"excerpt":{"rendered":"<p>(Ein Beitrag von Lara Schaper) Was genau eine Fachschaftsinitiative &#8211; kurz FSI &#8211; ist, liest sich wunderbar in einen tollen Beitrag von Matthias Greve auf der Seite der Freien Universit\u00e4t. Dem haben wir nichts hinzuzuf\u00fcgen =) Als Fach der Bildungs- und Erziehungswissenschaft haben wir eine facheigene FSI mit dem klangvollen Namen FSI Bi*Er. Prost. Die &hellip; <a href=\"https:\/\/userblogs.fu-berlin.de\/ewi_biwi\/2025\/01\/14\/fachschaftsinitiative-was-wer-und-wie\/\" class=\"more-link\"><span class=\"screen-reader-text\">Fachschaftsinitiative &#8211; Was, Wer und Wie?<\/span> weiterlesen<\/a><\/p>\n","protected":false},"author":6168,"featured_media":0,"comment_status":"open","ping_status":"open","sticky":false,"template":"","format":"standard","meta":{"footnotes":""},"categories":[91],"tags":[],"class_list":["post-230","post","type-post","status-publish","format-standard","hentry","category-allgemein"],"_links":{"self":[{"href":"https:\/\/userblogs.fu-berlin.de\/ewi_biwi\/wp-json\/wp\/v2\/posts\/230","targetHints":{"allow":["GET"]}}],"collection":[{"href":"https:\/\/userblogs.fu-berlin.de\/ewi_biwi\/wp-json\/wp\/v2\/posts"}],"about":[{"href":"https:\/\/userblogs.fu-berlin.de\/ewi_biwi\/wp-json\/wp\/v2\/types\/post"}],"author":[{"embeddable":true,"href":"https:\/\/userblogs.fu-berlin.de\/ewi_biwi\/wp-json\/wp\/v2\/users\/6168"}],"replies":[{"embeddable":true,"href":"https:\/\/userblogs.fu-berlin.de\/ewi_biwi\/wp-json\/wp\/v2\/comments?post=230"}],"version-history":[{"count":1,"href":"https:\/\/userblogs.fu-berlin.de\/ewi_biwi\/wp-json\/wp\/v2\/posts\/230\/revisions"}],"predecessor-version":[{"id":231,"href":"https:\/\/userblogs.fu-berlin.de\/ewi_biwi\/wp-json\/wp\/v2\/posts\/230\/revisions\/231"}],"wp:attachment":[{"href":"https:\/\/userblogs.fu-berlin.de\/ewi_biwi\/wp-json\/wp\/v2\/media?parent=230"}],"wp:term":[{"taxonomy":"category","embeddable":true,"href":"https:\/\/userblogs.fu-berlin.de\/ewi_biwi\/wp-json\/wp\/v2\/categories?post=230"},{"taxonomy":"post_tag","embeddable":true,"href":"https:\/\/userblogs.fu-berlin.de\/ewi_biwi\/wp-json\/wp\/v2\/tags?post=230"}],"curies":[{"name":"wp","href":"https:\/\/api.w.org\/{rel}","templated":true}]}}