{"id":234,"date":"2025-01-14T11:39:19","date_gmt":"2025-01-14T10:39:19","guid":{"rendered":"https:\/\/userblogs.fu-berlin.de\/ewi_biwi\/?p=234"},"modified":"2025-01-14T11:39:19","modified_gmt":"2025-01-14T10:39:19","slug":"berufspraktikum-eine-sammlung-von-erfahrungsberichten","status":"publish","type":"post","link":"https:\/\/userblogs.fu-berlin.de\/ewi_biwi\/2025\/01\/14\/berufspraktikum-eine-sammlung-von-erfahrungsberichten\/","title":{"rendered":"Berufspraktikum: Eine Sammlung von Erfahrungsberichten"},"content":{"rendered":"\n<h4 class=\"has-text-align-right wp-block-heading\">(Ein Beitrag von Anonym)<\/h4>\n\n\n\n<p>Wir haben hier gemeinsam mit Ewi-Studierenden, die das Berufspraktikum schon hinter sich haben, eine kleine Sammlung zusammengestellt. <br>Hier sind kleine Erfahrungsberichte und auch Ideen f\u00fcr Praktikumsstellen zu finden.<\/p>\n\n\n\n<blockquote class=\"wp-block-quote is-layout-flow wp-block-quote-is-layout-flow\"><p>Bei meiner Praktikumsstelle (in einer Tagesgruppe) handelte es sich um eine Hilfe zur Erziehung nach \u00a7 27. Sie ist die letzte Hilfe vor einer Inobhutnahme und kontrolliert die Kindeswohlgef\u00e4hrdung. Im Team wurde ich gut aufgenommen und unterst\u00fctzt! Die Tage in der Gruppe haben sich sehr unterschieden: mal waren die Kinder (zwischen 8 und 13) entspannt und friedlich, aber manchmal gab es auch sehr viel Trubel, da die Kinder alle ihr pers\u00f6nliches Schicksal mitbringen! Das war f\u00fcr mich pers\u00f6nlich manchmal ziemlich emotionally draining.<br>Dennoch konnte ich einen sehr guten Einblick in die verschiedenen Arbeitsbereiche erhaschen: die direkte Arbeit mit dem Kind, die Zusammenarbeit mit den Eltern, mit den jeweiligen Familienhilfen und dem Jugendamt. Das war auf jeden Fall spannend zu beobachten.<br>Was mir auch gefallen hat, war, dass ich die (kleine) Entwicklung der Kinder \u00fcber vier Monate beobachten konnte und wie sie langsam Vertrauen zu mir aufbauten.<br>Dieser Arbeitsbereich hat also sehr unterschiedliche Seiten. R\u00fcckblickend bin ich zufrieden mit meiner Praktikumsstelle, w\u00fcrde aber dazu raten, strapazierf\u00e4hige Nerven mit ins Praktikum zu nehmen.<\/p><\/blockquote>\n\n\n\n<p>Anonym<\/p>\n\n\n\n<blockquote class=\"wp-block-quote is-layout-flow wp-block-quote-is-layout-flow\"><p>Ich mache mein Praktikum im Jugendamt Treptow-K\u00f6penick im Bereich Pflegekinderdienst. Zu meinen Aufgaben geh\u00f6rt die Teilnahme von Dienstberatungen, Verschriftlichung von Protokollen, Teilnahme an Beratungsgespr\u00e4chen, Begleitung zu Hausbesuchen, Hilfekonferenzen und \u00dcberpr\u00fcfungsterminen und Verwaltungst\u00e4tigkeiten, wie beispielsweise das Heraussenden der Hilfepl\u00e4ne, Akten erstellen, Post etc.<\/p><cite>Anonym<\/cite><\/blockquote>\n\n\n\n<blockquote class=\"wp-block-quote is-layout-flow wp-block-quote-is-layout-flow\"><p>Ich habe mein Praktikum im Bereich der Kinder- und Jugendhilfe in einer Mutter-Kind Einrichtung gemacht. Gefunden habe ich meine Praktikumsstelle \u00fcber die \u00dcbersicht absolvierter Praktikumsstellen der Datenbank. Meine Aufgaben waren haupts\u00e4chlich die Unterst\u00fctzung der M\u00fctter im Alltag, sprich beim Kochen, beim Einkaufen, bei der Betreuung ihrer Kinder oder auch das Begleiten von Arztterminen. Ich habe auch einen Einblick in die formal-b\u00fcrokratischen Abl\u00e4ufe erhalten, wie es ist, mit dem Jugendamt in Kontakt und Austausch zu stehen. Ich hatte auch die M\u00f6glichkeit, zu Hilfekonferenzen mitzukommen und bei neuen Aufnahmen beim Aufnahmegespr\u00e4ch dabei zu sein. Au\u00dferdem habe ich Gruppenaktivit\u00e4ten f\u00fcr die M\u00fctter und ihre Kinder organisiert.<\/p><cite>Anonym<\/cite><\/blockquote>\n\n\n\n<p><\/p>\n\n\n\n<hr class=\"wp-block-separator has-alpha-channel-opacity is-style-wide\" \/>\n\n\n\n<p><strong>Weitere Ideen: <\/strong><\/p>\n\n\n\n<ul class=\"wp-block-list\"><li>im Familienzentrum <\/li><\/ul>\n\n\n\n<ul class=\"wp-block-list\"><li>im Bereich der Erwachsenenbildung<\/li><\/ul>\n\n\n\n<ul class=\"wp-block-list\"><li>in einem Forschungsprojekt an der FU<\/li><\/ul>\n\n\n\n<ul class=\"wp-block-list\"><li>in der station\u00e4ren Jugendhilfe<\/li><\/ul>\n\n\n\n<ul class=\"wp-block-list\"><li>beim Senat f\u00fcr Bildung (fr\u00fchkindlicher Fokus)<\/li><\/ul>\n\n\n\n<ul class=\"wp-block-list\"><li>in der Kinder- und Jugendhilfe<\/li><\/ul>\n\n\n\n<ul class=\"wp-block-list\"><li>im Jugendamt<\/li><\/ul>\n\n\n\n<ul class=\"wp-block-list\"><li>\u00d6ffentlichkeitsarbeit und Organisation in der Kinder- und Jugendhilfe<\/li><\/ul>\n\n\n\n<ul class=\"wp-block-list\"><li>im Personalwesen in einer Anwaltskanzler<\/li><\/ul>\n\n\n\n<ul class=\"wp-block-list\"><li>Kindertagesst\u00e4tte (auch z.B. mit einem sprachlichen Fokus)<\/li><\/ul>\n","protected":false},"excerpt":{"rendered":"<p>(Ein Beitrag von Anonym) Wir haben hier gemeinsam mit Ewi-Studierenden, die das Berufspraktikum schon hinter sich haben, eine kleine Sammlung zusammengestellt. Hier sind kleine Erfahrungsberichte und auch Ideen f\u00fcr Praktikumsstellen zu finden. Bei meiner Praktikumsstelle (in einer Tagesgruppe) handelte es sich um eine Hilfe zur Erziehung nach \u00a7 27. Sie ist die letzte Hilfe vor &hellip; <a href=\"https:\/\/userblogs.fu-berlin.de\/ewi_biwi\/2025\/01\/14\/berufspraktikum-eine-sammlung-von-erfahrungsberichten\/\" class=\"more-link\"><span class=\"screen-reader-text\">Berufspraktikum: Eine Sammlung von Erfahrungsberichten<\/span> weiterlesen<\/a><\/p>\n","protected":false},"author":6168,"featured_media":0,"comment_status":"open","ping_status":"open","sticky":false,"template":"","format":"standard","meta":{"footnotes":""},"categories":[91],"tags":[],"class_list":["post-234","post","type-post","status-publish","format-standard","hentry","category-allgemein"],"_links":{"self":[{"href":"https:\/\/userblogs.fu-berlin.de\/ewi_biwi\/wp-json\/wp\/v2\/posts\/234","targetHints":{"allow":["GET"]}}],"collection":[{"href":"https:\/\/userblogs.fu-berlin.de\/ewi_biwi\/wp-json\/wp\/v2\/posts"}],"about":[{"href":"https:\/\/userblogs.fu-berlin.de\/ewi_biwi\/wp-json\/wp\/v2\/types\/post"}],"author":[{"embeddable":true,"href":"https:\/\/userblogs.fu-berlin.de\/ewi_biwi\/wp-json\/wp\/v2\/users\/6168"}],"replies":[{"embeddable":true,"href":"https:\/\/userblogs.fu-berlin.de\/ewi_biwi\/wp-json\/wp\/v2\/comments?post=234"}],"version-history":[{"count":1,"href":"https:\/\/userblogs.fu-berlin.de\/ewi_biwi\/wp-json\/wp\/v2\/posts\/234\/revisions"}],"predecessor-version":[{"id":235,"href":"https:\/\/userblogs.fu-berlin.de\/ewi_biwi\/wp-json\/wp\/v2\/posts\/234\/revisions\/235"}],"wp:attachment":[{"href":"https:\/\/userblogs.fu-berlin.de\/ewi_biwi\/wp-json\/wp\/v2\/media?parent=234"}],"wp:term":[{"taxonomy":"category","embeddable":true,"href":"https:\/\/userblogs.fu-berlin.de\/ewi_biwi\/wp-json\/wp\/v2\/categories?post=234"},{"taxonomy":"post_tag","embeddable":true,"href":"https:\/\/userblogs.fu-berlin.de\/ewi_biwi\/wp-json\/wp\/v2\/tags?post=234"}],"curies":[{"name":"wp","href":"https:\/\/api.w.org\/{rel}","templated":true}]}}