{"id":240,"date":"2025-01-14T11:41:06","date_gmt":"2025-01-14T10:41:06","guid":{"rendered":"https:\/\/userblogs.fu-berlin.de\/ewi_biwi\/?p=240"},"modified":"2025-01-14T11:41:06","modified_gmt":"2025-01-14T10:41:06","slug":"die-neue-studien-und-pruefungsordnung-ab-wise-23-24","status":"publish","type":"post","link":"https:\/\/userblogs.fu-berlin.de\/ewi_biwi\/2025\/01\/14\/die-neue-studien-und-pruefungsordnung-ab-wise-23-24\/","title":{"rendered":"Die neue Studien- und Pr\u00fcfungsordnung (ab WiSe 23\/24)"},"content":{"rendered":"\n<h4 class=\"has-text-align-right wp-block-heading\">(Ein Beitrag von Ronja Kumpe in Zusammenarbeit mit Susanne Heinze-Drinda)<\/h4>\n\n\n\n<p><strong>Hier erstmal ein paar Fakten:<\/strong><\/p>\n\n\n\n<ul class=\"wp-block-list\"><li><em>Seit wann gilt die neue Studien- und Pr\u00fcfungsordnung (SPO)?<\/em><br>Die neue SPO gilt seit dem 3. M\u00e4rz 2023 (einen Tag nach der Ver\u00f6ffentlichung im <a href=\"https:\/\/www.ewi-psy.fu-berlin.de\/verwaltung-service\/studienangelegenheiten\/pruefungsbuero\/bachelor_ewi_zukunft\/1-Bachelor\/1_4-Richtlinien_-Ordnungen-_-Co_\/SPO_BA_Bildungs_Erzwiss_2023.pdf\">Amtsblatt<\/a>).<\/li><li><em>Ab wann kann man nach der neuen Studien- und Pr\u00fcfungsordnung studieren?<\/em><br>Ab dem Wintersemester 23\/24 werden die ersten Studierenden nach der neuen SPO eingeschrieben.<\/li><\/ul>\n\n\n\n<p><strong>Was hat sich \u00fcberhaupt ver\u00e4ndert?<\/strong><\/p>\n\n\n\n<ul class=\"wp-block-list\"><li><em>Aufteilung Leistungspunkte nach Studienbereichen<\/em><ul><li>Der Bereich \u201eBildungs- und Erziehungswissenschaft\u201c umfasst neu 130 LP<\/li><li>Der Affine Bereich neu 20 LP<\/li><li>Der ABV Bereich bleibt mit 30 LP unver\u00e4ndert<\/li><\/ul><\/li><li><em>Mehr Wahlfreiheiten, bessere Anrechenbarkeit durch die Module<\/em><ul><li>\u201eAns\u00e4tze p\u00e4dagogischen Handelns \u2013 Vertiefung\u201c<\/li><li>\u201eAktuelle Fragestellungen der Bildungs- und Erziehungswissenschaft A\u201c<\/li><li>\u201eAktuelle Fragestellungen der Bildungs- und Erziehungswissenschaft B\u201c<\/li><\/ul><\/li><li><em>Mehr Module haben Zugangsvoraussetzungen<\/em><ul><li>Grundlagenbereich: Quantitatives und Qualitatives Modul haben Zugangsvoraussetzungen<\/li><li>Vertiefungsbereich: Alle Module des Vertiefungsbereichs haben Zugangsvoraussetzungen (Module des 1. und 2. Fachsemesters)<\/li><\/ul><\/li><li><em>Nummerierungen und &#8222;A,B,C&#8220;-Zuordnungen der Module entf\u00e4llt<\/em><\/li><li><em>Vorlesungen sind teilnahmepflichtig<\/em><\/li><\/ul>\n\n\n\n<p><strong>Bei welchen Paragraphen hat es welche \u00c4nderungen gegeben?<\/strong><\/p>\n\n\n\n<p><em>\u00a7 4 Studienberatung und Studienfachberatung<\/em><\/p>\n\n\n\n<ul class=\"wp-block-list\"><li>Keine obligatorische Studienfachberatung mehr zum 1. und 3. Fachsemester<\/li><li>Eine Studienfachberatung f\u00fcr den \u00dcbergang vom 3. zum 4. Fachsemester wird aber weiterhin dringend empfohlen<\/li><li>Neue und FU-weite Regelung (aufgrund \u00c4nderung im BerlHG): Studierende, die zum Ende des 3. Fachsemesters nur 30 LP absolviert haben, bekommen eine Studienfachberatung verpflichtend angeboten<\/li><\/ul>\n\n\n\n<p><em>\u00a7 10 Bachelorarbeit<\/em><\/p>\n\n\n\n<ul class=\"wp-block-list\"><li>Neue Zugangsvoraussetzungen:<ul><li>Obligatorische Studienfachberatung zum 1. und 3. Fachsemester entf\u00e4llt<\/li><li>Module inklusive des 4. Fachsemesters = 120 LP m\u00fcssen absolviert sein<\/li><li>Umfang ist gleichgeblieben<\/li><li>Bearbeitungszeit um zwei Wochen auf insgesamt 14 Wochen verl\u00e4ngert<\/li><\/ul><\/li><\/ul>\n\n\n\n<p><em>\u00a7 13 Wiederholung von Pr\u00fcfungsleistungen<\/em><\/p>\n\n\n\n<p>Neue und FU-weite Regelung (aufgrund \u00c4nderung im BerlHG):<br>Modulpr\u00fcfungen und Bachelorarbeiten k\u00f6nnen jeweils zweimal wiederholt werden!<\/p>\n\n\n\n<p><em>\u00a7 16 Inkrafttreten und \u00dcbergangsbestimmungen<\/em><\/p>\n\n\n\n<ul class=\"wp-block-list\"><li>SPO ist seit dem 3. M\u00e4rz 2023 in Kraft; wird aber ab dem WS 23\/24 erstmals angewendet.<\/li><li>Alle bereits immatrikulierten BA Studierende k\u00f6nnen ihr Studium bis einschlie\u00dflich SoSe 26 nach bisheriger SPO beenden.<\/li><li>Alle bereits immatrikulierten BA Studierende k\u00f6nnen auf Antrag in die neue SPO wechseln!<\/li><li>Der Wechsel wird zum n\u00e4chsten Semester wirksam.<\/li><li>Der SPO-Versionswechsel ist nicht revidierbar.<\/li><\/ul>\n\n\n\n<hr class=\"wp-block-separator has-alpha-channel-opacity is-style-wide\" \/>\n\n\n\n<p><strong><a href=\"https:\/\/www.ewi-psy.fu-berlin.de\/verwaltung-service\/studienangelegenheiten\/pruefungsbuero\/bachelor_ewi_zukunft\/1-Bachelor\/1_6-Richtlinien_-Ordnungen-_-Co_\/Exemplarischer-Studienverlaufsplan.pdf\" target=\"_blank\" rel=\"noreferrer noopener\">Exemplarischer Studienverlaufsplan<\/a><\/strong><\/p>\n\n\n\n<hr class=\"wp-block-separator has-alpha-channel-opacity is-style-wide\" \/>\n\n\n\n<p><strong>Welche Module belege ich nach exemplarischen Studienverlaufsplan in welchem Fachsemester?<\/strong><\/p>\n\n\n\n<div class=\"wp-block-columns is-layout-flex wp-container-core-columns-is-layout-9d6595d7 wp-block-columns-is-layout-flex\">\n<div class=\"wp-block-column is-layout-flow wp-block-column-is-layout-flow\">\n<h6 class=\"wp-block-heading\">1. Fachsemester<\/h6>\n\n\n\n<ul class=\"wp-block-list\"><li>Modul 1 \u201eBildung und Erziehung\u201c wird zu <strong>Modul \u201eBildung und Erziehung\u201c = 10 LP<\/strong><\/li><li>Modul 2 \u201eMethoden empirischer Sozialforschung I\u201c (bis WS 25\/26 benotet) wird zu <strong>Modul \u201eMethoden empirischer Sozialforschung\u201c <\/strong>(wird ab WS 23\/24 unbenotet) <strong>= 10 LP<\/strong><\/li><li><em>Sommer<\/em>-Modul 4 \u201eInstitutionalisierung von Bildung und Erziehung\u201c wird ab WS 23\/24 zu <strong><em>Winter<\/em>-Modul \u201eInstitutionalisierung von Bildung und Erziehung\u201c = 10 LP<\/strong><\/li><li>Das affine Pflichtmodul \u201ePsychologie als Affines Fach\u201c entf\u00e4llt ab WS 23\/24!<\/li><\/ul>\n<\/div>\n\n\n\n<div class=\"wp-block-column is-layout-flow wp-block-column-is-layout-flow\">\n<h6 class=\"wp-block-heading\">2. Fachsemester<\/h6>\n\n\n\n<ul class=\"wp-block-list\"><li>Modul 3 \u201eSozialisation und Lernen\u201c (Klausur = 90 Minuten) wird zu <strong>Modul \u201eSozialisation und Lernen\u201c <\/strong>(Klausur = 45 Minuten) <strong>= 10 LP<\/strong><\/li><li>Modul 8 \u201eMethoden empirischer Sozialforschung II\u201c (bis SoSe 26) wird zu dem <strong>Modul \u201eMethoden der qualitativen Sozialforschung\u201c<\/strong> (<strong>5 LP<\/strong>) und dem <strong>Modul \u201eMethoden der quantitativen Sozialforschung\u201c <\/strong>(<strong>5 LP<\/strong>)(beide ab SoSe 24)<ul><li>Zugangsvoraussetzungen f\u00fcr beide Module: Abschluss des Moduls \u201eMethoden empirischer Sozialforschung\u201c<\/li><\/ul><\/li><li><strong>ABV Bereich<\/strong> (freie Modul-Wahl) <strong>= 10 LP<\/strong><\/li><\/ul>\n<\/div>\n<\/div>\n\n\n\n<div class=\"wp-block-columns is-layout-flex wp-container-core-columns-is-layout-9d6595d7 wp-block-columns-is-layout-flex\">\n<div class=\"wp-block-column is-layout-flow wp-block-column-is-layout-flow\">\n<h6 class=\"wp-block-heading\">3. Fachsemester<\/h6>\n\n\n\n<ul class=\"wp-block-list\"><li>Modul 6 \u201eAns\u00e4tze p\u00e4dagogischen Handelns \u2013 Grundlagen\u201c wird zu <strong>Modul \u201eAns\u00e4tze p\u00e4dagogischen Handelns \u2013 Grundlagen\u201c = 10 LP<\/strong><\/li><li><strong>ABV-Modul \u201eRechtliche Grundlagen p\u00e4dagogischen Handels\u201c = 5 LP<\/strong><\/li><li>Studienbegleitendes obligatorisches <strong>Berufspraktikum = 15 LP<\/strong><\/li><\/ul>\n\n\n\n<p>Semester bleibt unver\u00e4ndert<\/p>\n<\/div>\n\n\n\n<div class=\"wp-block-column is-layout-flow wp-block-column-is-layout-flow\">\n<h6 class=\"wp-block-heading\">4. Fachsemester<\/h6>\n\n\n\n<ul class=\"wp-block-list\"><li>Modul 7 \u201eP\u00e4dagogische Diagnostik\u201c wird zu <strong>Modul \u201eP\u00e4dagogische Diagnostik\u201c <\/strong>(zus\u00e4tzl. Pr\u00fcfungsform \u201em\u00fcndliche Pr\u00fcfung\u201c) <strong>= 10 LP<\/strong><\/li><li>Modul 5 \u201eHeterogenit\u00e4t in Erziehungs- und Bildungsprozessen\u201c wird zu <strong>Modul \u201eHeterogenit\u00e4t in Erziehungs- und Bildungsprozessen\u201c = 10 LP<\/strong> (ab SoSe 24 VL und zwei Seminare)<\/li><li><em>Winter<\/em>-Modul 10 \u201eAns\u00e4tze p\u00e4dagogischen Handelns \u2013 Vertiefung\u201c (bis WS 25\/26) wird zu <strong><em>Sommer<\/em>-Modul \u201eAns\u00e4tze p\u00e4dagogischen Handelns \u2013 Vertiefung\u201c <\/strong>(ab SoSe 25) <strong>= 10 LP<\/strong><\/li><\/ul>\n<\/div>\n<\/div>\n\n\n\n<div class=\"wp-block-columns is-layout-flex wp-container-core-columns-is-layout-9d6595d7 wp-block-columns-is-layout-flex\">\n<div class=\"wp-block-column is-layout-flow wp-block-column-is-layout-flow\">\n<h6 class=\"wp-block-heading\">5. Fachsemester<\/h6>\n\n\n\n<ul class=\"wp-block-list\"><li>Modul 9 \u201eEntwicklung p\u00e4dagogischer Organisationen\u201c wird zu <strong>Modul \u201eP\u00e4dagogische Organisationsforschung\u201c = 10 LP<\/strong> (ge\u00e4nderte Modulbeschreibung; zus\u00e4tzliche Pr\u00fcfungsform \u201em\u00fcndliche Pr\u00fcfung\u201c)<\/li><li>neues <strong>Modul: \u201eAktuelle Fragestellungen der Bildungs- und Erziehungswissenschaft A\u201c = 10 LP<\/strong> (ohne Pr\u00fcfung)<\/li><li><strong>Affiner Bereich <\/strong>(freie Fach- und Modul-Wahl) <strong>= 10 LP<\/strong><\/li><\/ul>\n<\/div>\n\n\n\n<div class=\"wp-block-column is-layout-flow wp-block-column-is-layout-flow\">\n<h6 class=\"wp-block-heading\">6. Fachsemester<\/h6>\n\n\n\n<ul class=\"wp-block-list\"><li>neu<strong>: Modul \u201eAktuelle Fragestellungen der Bildungs- und Erziehungswissenschaft B\u201c = 10 LP<\/strong><\/li><li><strong>Affiner Bereich <\/strong>(freie Fach- und Modul-Wahl) <strong>= 10 LP<\/strong><\/li><li><strong>Bachelorarbeit = 10 LP<\/strong><\/li><li>bisheriges Modul 11 \u201eProjekt\u201c entf\u00e4llt<\/li><\/ul>\n<\/div>\n<\/div>\n\n\n\n<p><strong>Erinnerung \u00a716 Inkrafttreten und \u00dcbergangsbestimmungen<\/strong><\/p>\n\n\n\n<ul class=\"wp-block-list\"><li>Bereits in Kraft (seit 2.3.2023); wird aber erst <strong>ab dem WS 23\/24 angewendet<\/strong>.<\/li><li>BA Studierende nach bisheriger SPO haben die <strong>M\u00f6glichkeit ihr Studium bis zum SoSe 26<\/strong> nach bisheriger Ordnung zu <strong>beenden\u2026<\/strong><\/li><li>\u2026 oder <strong>k\u00f6nnen auf Antrag in die neue SPO wechseln!<\/strong><\/li><li>Der <strong>Wechsel<\/strong> wird immer <strong>zum n\u00e4chsten Semester <\/strong>wirksam.<\/li><li>Der SPO-Versionswechsel ist<strong> nicht revidierbar.<\/strong><\/li><li><strong>Antrag wird beim Pr\u00fcfungsamt geteilt.<\/strong><\/li><li>Beratung beim Studienb\u00fcro m\u00f6glich.<\/li><\/ul>\n","protected":false},"excerpt":{"rendered":"<p>(Ein Beitrag von Ronja Kumpe in Zusammenarbeit mit Susanne Heinze-Drinda) Hier erstmal ein paar Fakten: Seit wann gilt die neue Studien- und Pr\u00fcfungsordnung (SPO)?Die neue SPO gilt seit dem 3. M\u00e4rz 2023 (einen Tag nach der Ver\u00f6ffentlichung im Amtsblatt). Ab wann kann man nach der neuen Studien- und Pr\u00fcfungsordnung studieren?Ab dem Wintersemester 23\/24 werden die &hellip; <a href=\"https:\/\/userblogs.fu-berlin.de\/ewi_biwi\/2025\/01\/14\/die-neue-studien-und-pruefungsordnung-ab-wise-23-24\/\" class=\"more-link\"><span class=\"screen-reader-text\">Die neue Studien- und Pr\u00fcfungsordnung (ab WiSe 23\/24)<\/span> weiterlesen<\/a><\/p>\n","protected":false},"author":6168,"featured_media":0,"comment_status":"open","ping_status":"open","sticky":false,"template":"","format":"standard","meta":{"footnotes":""},"categories":[91],"tags":[],"class_list":["post-240","post","type-post","status-publish","format-standard","hentry","category-allgemein"],"_links":{"self":[{"href":"https:\/\/userblogs.fu-berlin.de\/ewi_biwi\/wp-json\/wp\/v2\/posts\/240","targetHints":{"allow":["GET"]}}],"collection":[{"href":"https:\/\/userblogs.fu-berlin.de\/ewi_biwi\/wp-json\/wp\/v2\/posts"}],"about":[{"href":"https:\/\/userblogs.fu-berlin.de\/ewi_biwi\/wp-json\/wp\/v2\/types\/post"}],"author":[{"embeddable":true,"href":"https:\/\/userblogs.fu-berlin.de\/ewi_biwi\/wp-json\/wp\/v2\/users\/6168"}],"replies":[{"embeddable":true,"href":"https:\/\/userblogs.fu-berlin.de\/ewi_biwi\/wp-json\/wp\/v2\/comments?post=240"}],"version-history":[{"count":1,"href":"https:\/\/userblogs.fu-berlin.de\/ewi_biwi\/wp-json\/wp\/v2\/posts\/240\/revisions"}],"predecessor-version":[{"id":241,"href":"https:\/\/userblogs.fu-berlin.de\/ewi_biwi\/wp-json\/wp\/v2\/posts\/240\/revisions\/241"}],"wp:attachment":[{"href":"https:\/\/userblogs.fu-berlin.de\/ewi_biwi\/wp-json\/wp\/v2\/media?parent=240"}],"wp:term":[{"taxonomy":"category","embeddable":true,"href":"https:\/\/userblogs.fu-berlin.de\/ewi_biwi\/wp-json\/wp\/v2\/categories?post=240"},{"taxonomy":"post_tag","embeddable":true,"href":"https:\/\/userblogs.fu-berlin.de\/ewi_biwi\/wp-json\/wp\/v2\/tags?post=240"}],"curies":[{"name":"wp","href":"https:\/\/api.w.org\/{rel}","templated":true}]}}