{"id":242,"date":"2025-01-14T11:41:39","date_gmt":"2025-01-14T10:41:39","guid":{"rendered":"https:\/\/userblogs.fu-berlin.de\/ewi_biwi\/?p=242"},"modified":"2025-01-14T11:41:39","modified_gmt":"2025-01-14T10:41:39","slug":"die-orientierungswoche-2023","status":"publish","type":"post","link":"https:\/\/userblogs.fu-berlin.de\/ewi_biwi\/2025\/01\/14\/die-orientierungswoche-2023\/","title":{"rendered":"Die Orientierungswoche 2023"},"content":{"rendered":"\n<h4 class=\"has-text-align-right wp-block-heading\">(Ein Beitrag von Manon Herzhauser)<\/h4>\n\n\n\n<div class=\"wp-block-columns is-layout-flex wp-container-core-columns-is-layout-9d6595d7 wp-block-columns-is-layout-flex\">\n<div class=\"wp-block-column is-layout-flow wp-block-column-is-layout-flow\" style=\"flex-basis:33.33%\">\n<p>Ich hatte dieses Jahr die M\u00f6glichkeit bei der Orientierungswoche mitzuwirken und die Bachelor- und Master-Erstis in ihrem Studienstart zu begleiten.<\/p>\n<\/div>\n\n\n\n<div class=\"wp-block-column is-layout-flow wp-block-column-is-layout-flow\" style=\"flex-basis:66.66%\">\n<figure class=\"wp-block-image size-full\"><img decoding=\"async\" src=\"https:\/\/userblogs.fu-berlin.de\/bachelor_ewi\/files\/2023\/11\/Bild1.jpg\" alt=\"\" class=\"wp-image-657\" \/><\/figure>\n<\/div>\n<\/div>\n\n\n\n<p>Am Montag Morgen haben wir die Bachelor Erstis abgeholt und ihnen die M\u00f6glichkeit gegeben sich erstmal ein wenig kennenzulernen. Zur Unterst\u00fctzung konnte jede*r den eigenen Namen und Pronomen auf ein Kreppband auf das Oberteil kleben. Damit es gem\u00fctlich ist, wurden Hei\u00df- und Kaltgetr\u00e4nke, sowie ein paar Snacks angeboten. <br>Dann ging es schon in die ersten Kennenlernspiele, beginnend mit Speedfriending-Bingo. Da sehr viele Studierende im Bachelor angefangen haben, haben wir die Kohorte in zwei Gruppen aufgeteilt. Der gordische Knoten, \u201eAlle, die&#8230;\u201c und die Aufstellung nach Namen, Alter und Gr\u00f6\u00dfe waren Aktivit\u00e4ten, damit sich alle etwas besser kennenlernen konnten.<br>W\u00e4hrend die Bachelor-Studierenden im Anschluss von den Mentor*innen f\u00fcr die Campus-Tour abgeholt wurden, haben wir die gleichen Aktivit\u00e4ten mit den Master-Erstis umgesetzt, welche eine kleinere Gruppe waren. Die Master-Studierenden hatten w\u00e4hrend der Kennenlernspiele der Bachelor-Studierenden ihre Campus-Tour gemacht.<\/p>\n\n\n\n<p>Der Dienstag war nur f\u00fcr den Bachelor vorgesehen, der Mittwoch f\u00fcr den Master.<br>An beiden Tagen haben sich Frau Heinze-Drinda und die Zust\u00e4ndigen f\u00fcr den Studiengang (BA Univ.-Prof. Dr. Ulrike Urban-Stahl, MA Univ.-Prof. Dr. Ursula Kessels) vorgestellt, das Quanti-Tutorium wurde von Anne und Melissa vorgestellt, sowie die Fachschaftsinitiative (FSI) von Joscha. Bei den Bachelor-Studis fand die Einteilung in die Mentoring Gruppen statt, welche die Studierenden w\u00e4hrend ihres ersten Studienjahrs unterst\u00fctzen und bei den Master Erstis nicht vorgesehen ist.<br>Am Dienstag habe ich &#8211; Manon &#8211; f\u00fcr die Bachelor-Erstis einen studentischen Beitrag vorgestellt und die Studierenden hatten die M\u00f6glichkeit mir Fragen zum Studienalltag, Insider- und Lerntipps zu stellen.<\/p>\n\n\n\n<p>Der Donnerstag war ein Online-Tag, bei dem Jamie und ich das Campus Management vorgestellt und bei der Kurswahl unterst\u00fctzt haben. Auch hier hatte Melissa nochmal die M\u00f6glichkeit sich bei dem Master vorzustellen und ihr Tutorium zu bewerben.<\/p>\n\n\n\n<p>Am Freitag wurde gemeinsam mit dem Studiengang Psychologie der Marktplatz vorgestellt, bei dem sich verschiedene Organisationen der FU vorstellen konnten. Mit dabei waren unter anderem der support.point, das Projekt \u201eKein Abseits! E.V. Berlin \u201c und das Erasmuspogramm. <\/p>\n\n\n\n<div class=\"wp-block-columns is-layout-flex wp-container-core-columns-is-layout-9d6595d7 wp-block-columns-is-layout-flex\">\n<div class=\"wp-block-column is-layout-flow wp-block-column-is-layout-flow\" style=\"flex-basis:66.66%\">\n<figure class=\"wp-block-image size-full\"><img decoding=\"async\" src=\"https:\/\/userblogs.fu-berlin.de\/bachelor_ewi\/files\/2023\/11\/Bild2.jpg\" alt=\"\" class=\"wp-image-658\" \/><\/figure>\n<\/div>\n\n\n\n<div class=\"wp-block-column is-layout-flow wp-block-column-is-layout-flow\" style=\"flex-basis:33.33%\">\n<p>Nach Vortr\u00e4gen der Vertreter*innen, konnten an den St\u00e4nden des Markplatz weitere Fragen gestellt werden, sowie erste Kontaktaufnahmen stattfinden.<\/p>\n<\/div>\n<\/div>\n\n\n\n<p>Es war sehr interessant die Orientierungswoche aus der anderen Perspektive zu sehen, da ich letztes Jahr auf der Seite der Erstis stand. Gleichzeitig fand ich es sehr sch\u00f6n ein paar meiner zuk\u00fcnftigen Kommiliton*innen ein wenig kennenzulernen.<br>Da ich seit diesem Semester ebenfalls nach der neuen Studien- und Pr\u00fcfungsordnung studiere, werde ich die meisten Kurse mit dem neuen Jahrgang haben.<\/p>\n","protected":false},"excerpt":{"rendered":"<p>(Ein Beitrag von Manon Herzhauser) Ich hatte dieses Jahr die M\u00f6glichkeit bei der Orientierungswoche mitzuwirken und die Bachelor- und Master-Erstis in ihrem Studienstart zu begleiten. Am Montag Morgen haben wir die Bachelor Erstis abgeholt und ihnen die M\u00f6glichkeit gegeben sich erstmal ein wenig kennenzulernen. Zur Unterst\u00fctzung konnte jede*r den eigenen Namen und Pronomen auf ein &hellip; <a href=\"https:\/\/userblogs.fu-berlin.de\/ewi_biwi\/2025\/01\/14\/die-orientierungswoche-2023\/\" class=\"more-link\"><span class=\"screen-reader-text\">Die Orientierungswoche 2023<\/span> weiterlesen<\/a><\/p>\n","protected":false},"author":6168,"featured_media":0,"comment_status":"open","ping_status":"open","sticky":false,"template":"","format":"standard","meta":{"footnotes":""},"categories":[91],"tags":[],"class_list":["post-242","post","type-post","status-publish","format-standard","hentry","category-allgemein"],"_links":{"self":[{"href":"https:\/\/userblogs.fu-berlin.de\/ewi_biwi\/wp-json\/wp\/v2\/posts\/242","targetHints":{"allow":["GET"]}}],"collection":[{"href":"https:\/\/userblogs.fu-berlin.de\/ewi_biwi\/wp-json\/wp\/v2\/posts"}],"about":[{"href":"https:\/\/userblogs.fu-berlin.de\/ewi_biwi\/wp-json\/wp\/v2\/types\/post"}],"author":[{"embeddable":true,"href":"https:\/\/userblogs.fu-berlin.de\/ewi_biwi\/wp-json\/wp\/v2\/users\/6168"}],"replies":[{"embeddable":true,"href":"https:\/\/userblogs.fu-berlin.de\/ewi_biwi\/wp-json\/wp\/v2\/comments?post=242"}],"version-history":[{"count":1,"href":"https:\/\/userblogs.fu-berlin.de\/ewi_biwi\/wp-json\/wp\/v2\/posts\/242\/revisions"}],"predecessor-version":[{"id":243,"href":"https:\/\/userblogs.fu-berlin.de\/ewi_biwi\/wp-json\/wp\/v2\/posts\/242\/revisions\/243"}],"wp:attachment":[{"href":"https:\/\/userblogs.fu-berlin.de\/ewi_biwi\/wp-json\/wp\/v2\/media?parent=242"}],"wp:term":[{"taxonomy":"category","embeddable":true,"href":"https:\/\/userblogs.fu-berlin.de\/ewi_biwi\/wp-json\/wp\/v2\/categories?post=242"},{"taxonomy":"post_tag","embeddable":true,"href":"https:\/\/userblogs.fu-berlin.de\/ewi_biwi\/wp-json\/wp\/v2\/tags?post=242"}],"curies":[{"name":"wp","href":"https:\/\/api.w.org\/{rel}","templated":true}]}}