{"id":154,"date":"2021-01-30T06:36:46","date_gmt":"2021-01-30T05:36:46","guid":{"rendered":"https:\/\/userblogs.fu-berlin.de\/exitshabbes\/?p=154"},"modified":"2021-02-13T14:12:35","modified_gmt":"2021-02-13T13:12:35","slug":"11051-xt-shabbes","status":"publish","type":"post","link":"https:\/\/userblogs.fu-berlin.de\/exitshabbes\/11051-xt-shabbes\/","title":{"rendered":"11051.XT shabbes"},"content":{"rendered":"<p><a href=\"https:\/\/userblogs.fu-berlin.de\/exitshabbes\/files\/2021\/01\/Bildschirmfoto-2021-01-30-um-06.34.18.png\"><img loading=\"lazy\" decoding=\"async\" class=\"aligncenter size-full wp-image-155\" src=\"https:\/\/userblogs.fu-berlin.de\/exitshabbes\/files\/2021\/01\/Bildschirmfoto-2021-01-30-um-06.34.18.png\" alt=\"\" width=\"635\" height=\"572\" srcset=\"https:\/\/userblogs.fu-berlin.de\/exitshabbes\/files\/2021\/01\/Bildschirmfoto-2021-01-30-um-06.34.18.png 635w, https:\/\/userblogs.fu-berlin.de\/exitshabbes\/files\/2021\/01\/Bildschirmfoto-2021-01-30-um-06.34.18-300x270.png 300w\" sizes=\"auto, (max-width: 709px) 85vw, (max-width: 909px) 67vw, (max-width: 984px) 61vw, (max-width: 1362px) 45vw, 600px\" \/><\/a><\/p>\n<p>conference: <a href=\"https:\/\/fu-berlin.webex.com\/fu-berlin\/j.php?MTID=mea3db63edee64bfaa673e8e96a23198a\">ici.<\/a><\/p>\n<h4>prologue:<\/h4>\n<ul>\n<li>etwa die im sande verlaufenen gespr\u00e4che petra szondi nochmal aufnehmen, ca: offen gebliebene frage nach der letzten beitragsrunde: gegen wen soll oder meint denn die literaturwissenschaft in opposition sich zu befinden, wenn verlangt wird, sie solle widerst\u00e4ndig sein, auch f\u00fcrderhin? ich sehe sie in keinem konflikt mit in der gesellschaft gef\u00fchrten debatten stehen, sondern durchaus als f\u00fcrsprecher der g\u00e4ngigen progressiven meinungen. dasz diese (meinungen, debatten&#8230;) noch nicht unmittelbar fr\u00fcchte tragen, die eine weiterhin opposition gegen die gesellschaft als ganzes bzw. die nicht als progressiv betrachteten teile ihrer (satzende vergessen)&#8230; jdfs. noch nicht so weit gediehen ist, dasz eine debatte unn\u00f6tig w\u00e4re, liegt wohl nur am faktor zeit meine ich&#8230;<\/li>\n<\/ul>\n","protected":false},"excerpt":{"rendered":"<p>conference: ici. prologue: etwa die im sande verlaufenen gespr\u00e4che petra szondi nochmal aufnehmen, ca: offen gebliebene frage nach der letzten beitragsrunde: gegen wen soll oder meint denn die literaturwissenschaft in opposition sich zu befinden, wenn verlangt wird, sie solle widerst\u00e4ndig sein, auch f\u00fcrderhin? ich sehe sie in keinem konflikt mit in der gesellschaft gef\u00fchrten debatten &hellip; <a href=\"https:\/\/userblogs.fu-berlin.de\/exitshabbes\/11051-xt-shabbes\/\" class=\"more-link\"><span class=\"screen-reader-text\">\u201e11051.XT shabbes\u201c<\/span> weiterlesen<\/a><\/p>\n","protected":false},"author":4711,"featured_media":0,"comment_status":"open","ping_status":"open","sticky":false,"template":"","format":"standard","meta":{"footnotes":""},"categories":[453682,234016],"tags":[],"class_list":["post-154","post","type-post","status-publish","format-standard","hentry","category-exit","category-frontend"],"_links":{"self":[{"href":"https:\/\/userblogs.fu-berlin.de\/exitshabbes\/wp-json\/wp\/v2\/posts\/154","targetHints":{"allow":["GET"]}}],"collection":[{"href":"https:\/\/userblogs.fu-berlin.de\/exitshabbes\/wp-json\/wp\/v2\/posts"}],"about":[{"href":"https:\/\/userblogs.fu-berlin.de\/exitshabbes\/wp-json\/wp\/v2\/types\/post"}],"author":[{"embeddable":true,"href":"https:\/\/userblogs.fu-berlin.de\/exitshabbes\/wp-json\/wp\/v2\/users\/4711"}],"replies":[{"embeddable":true,"href":"https:\/\/userblogs.fu-berlin.de\/exitshabbes\/wp-json\/wp\/v2\/comments?post=154"}],"version-history":[{"count":3,"href":"https:\/\/userblogs.fu-berlin.de\/exitshabbes\/wp-json\/wp\/v2\/posts\/154\/revisions"}],"predecessor-version":[{"id":158,"href":"https:\/\/userblogs.fu-berlin.de\/exitshabbes\/wp-json\/wp\/v2\/posts\/154\/revisions\/158"}],"wp:attachment":[{"href":"https:\/\/userblogs.fu-berlin.de\/exitshabbes\/wp-json\/wp\/v2\/media?parent=154"}],"wp:term":[{"taxonomy":"category","embeddable":true,"href":"https:\/\/userblogs.fu-berlin.de\/exitshabbes\/wp-json\/wp\/v2\/categories?post=154"},{"taxonomy":"post_tag","embeddable":true,"href":"https:\/\/userblogs.fu-berlin.de\/exitshabbes\/wp-json\/wp\/v2\/tags?post=154"}],"curies":[{"name":"wp","href":"https:\/\/api.w.org\/{rel}","templated":true}]}}