{"id":35,"date":"2020-11-13T17:11:33","date_gmt":"2020-11-13T16:11:33","guid":{"rendered":"https:\/\/userblogs.fu-berlin.de\/exitshabbes\/?p=35"},"modified":"2021-02-13T14:13:50","modified_gmt":"2021-02-13T13:13:50","slug":"11467-runde-drei","status":"publish","type":"post","link":"https:\/\/userblogs.fu-berlin.de\/exitshabbes\/11467-runde-drei\/","title":{"rendered":"11467.runde drei"},"content":{"rendered":"<p><a href=\"https:\/\/userblogs.fu-berlin.de\/exitshabbes\/files\/2020\/11\/exitSH003b-scaled.jpg\"><img loading=\"lazy\" decoding=\"async\" class=\"aligncenter wp-image-53 size-large\" src=\"https:\/\/userblogs.fu-berlin.de\/exitshabbes\/files\/2020\/11\/exitSH003b-1024x760.jpg\" alt=\"\" width=\"840\" height=\"623\" srcset=\"https:\/\/userblogs.fu-berlin.de\/exitshabbes\/files\/2020\/11\/exitSH003b-1024x760.jpg 1024w, https:\/\/userblogs.fu-berlin.de\/exitshabbes\/files\/2020\/11\/exitSH003b-300x223.jpg 300w, https:\/\/userblogs.fu-berlin.de\/exitshabbes\/files\/2020\/11\/exitSH003b-768x570.jpg 768w, https:\/\/userblogs.fu-berlin.de\/exitshabbes\/files\/2020\/11\/exitSH003b-1536x1139.jpg 1536w, https:\/\/userblogs.fu-berlin.de\/exitshabbes\/files\/2020\/11\/exitSH003b-2048x1519.jpg 2048w, https:\/\/userblogs.fu-berlin.de\/exitshabbes\/files\/2020\/11\/exitSH003b-1200x890.jpg 1200w\" sizes=\"auto, (max-width: 709px) 85vw, (max-width: 909px) 67vw, (max-width: 1362px) 62vw, 840px\" \/><\/a><\/p>\n<h4>11467.preparer<\/h4>\n<p>nous nous rencontre demain a cause de lenvie.<\/p>\n<pre>voici tu voir comme je ne suis pas decide entre etre faire ce chose en seule ou avec le ennereesken jen parle de temps en temps.<\/pre>\n<h5>sujet possible<\/h5>\n<p>versuch, das [man] aus dem text zu entfernen: \u00fcber die genese des allgemeinen. wir werden uns \u00fcberlegen, was einen (erz\u00e4hler) von einem (autor) von einem (protagonisten) unterscheidet und wie (man) vermeidet, alles durchenanderzubringen. vous etes invite a discourse quer.<\/p>\n<h4>11477.protocol Q<\/h4>\n<p>participe: nw, sara, potmaschin, dave<\/p>\n<ul>\n<li>ob die tatsache, dasz es sich um (politische) texte handelt, erlaubt&#8230;, stilistisch&#8230; (oder ob das sich anders eben langsam etabliert), den glottal stop zum gender* wirklich aus dem gedicht zu lesen &#8211; &#8222;bewohner*innen&#8220;?<\/li>\n<li>oder das wort [tats\u00e4chlich] im gedicht zu verwenden?<\/li>\n<li>ob es ein bewusztsein daf\u00fcr gibt, wie (lyrisch) diese wendungen sind oder nicht&#8230;<\/li>\n<li>ob in der konsequenz in politischer lyrik gegendert werden musz, damit sie nicht (ausf\u00e4llt), also: essay werden musz?<\/li>\n<li>ob in der nichtbeachtung dieser regel dann schon ein statement (implicatur) gesehen wird?<\/li>\n<li>wie w\u00fcrde das in \u00fcbersetzungen gehandhabt aus sprachen, die genderneutral sind? oder begriffe erlauben, die auf deutsch nicht pc sind bzw. deren entsprechung?<\/li>\n<\/ul>\n<p>&nbsp;<\/p>\n","protected":false},"excerpt":{"rendered":"<p>11467.preparer nous nous rencontre demain a cause de lenvie. voici tu voir comme je ne suis pas decide entre etre faire ce chose en seule ou avec le ennereesken jen parle de temps en temps. sujet possible versuch, das [man] aus dem text zu entfernen: \u00fcber die genese des allgemeinen. wir werden uns \u00fcberlegen, was &hellip; <a href=\"https:\/\/userblogs.fu-berlin.de\/exitshabbes\/11467-runde-drei\/\" class=\"more-link\"><span class=\"screen-reader-text\">\u201e11467.runde drei\u201c<\/span> weiterlesen<\/a><\/p>\n","protected":false},"author":4711,"featured_media":0,"comment_status":"open","ping_status":"open","sticky":false,"template":"","format":"standard","meta":{"footnotes":""},"categories":[453682,234016],"tags":[],"class_list":["post-35","post","type-post","status-publish","format-standard","hentry","category-exit","category-frontend"],"_links":{"self":[{"href":"https:\/\/userblogs.fu-berlin.de\/exitshabbes\/wp-json\/wp\/v2\/posts\/35","targetHints":{"allow":["GET"]}}],"collection":[{"href":"https:\/\/userblogs.fu-berlin.de\/exitshabbes\/wp-json\/wp\/v2\/posts"}],"about":[{"href":"https:\/\/userblogs.fu-berlin.de\/exitshabbes\/wp-json\/wp\/v2\/types\/post"}],"author":[{"embeddable":true,"href":"https:\/\/userblogs.fu-berlin.de\/exitshabbes\/wp-json\/wp\/v2\/users\/4711"}],"replies":[{"embeddable":true,"href":"https:\/\/userblogs.fu-berlin.de\/exitshabbes\/wp-json\/wp\/v2\/comments?post=35"}],"version-history":[{"count":11,"href":"https:\/\/userblogs.fu-berlin.de\/exitshabbes\/wp-json\/wp\/v2\/posts\/35\/revisions"}],"predecessor-version":[{"id":68,"href":"https:\/\/userblogs.fu-berlin.de\/exitshabbes\/wp-json\/wp\/v2\/posts\/35\/revisions\/68"}],"wp:attachment":[{"href":"https:\/\/userblogs.fu-berlin.de\/exitshabbes\/wp-json\/wp\/v2\/media?parent=35"}],"wp:term":[{"taxonomy":"category","embeddable":true,"href":"https:\/\/userblogs.fu-berlin.de\/exitshabbes\/wp-json\/wp\/v2\/categories?post=35"},{"taxonomy":"post_tag","embeddable":true,"href":"https:\/\/userblogs.fu-berlin.de\/exitshabbes\/wp-json\/wp\/v2\/tags?post=35"}],"curies":[{"name":"wp","href":"https:\/\/api.w.org\/{rel}","templated":true}]}}