{"id":133,"date":"2011-01-31T12:52:21","date_gmt":"2011-01-31T11:52:21","guid":{"rendered":"http:\/\/fsiosi.blogsport.de\/?p=133"},"modified":"2011-01-31T12:52:21","modified_gmt":"2011-01-31T11:52:21","slug":"dresden-calling-infoveranstaltung-zu-den-massenblockaden-im-februar","status":"publish","type":"post","link":"https:\/\/userblogs.fu-berlin.de\/fsi_osi\/2011\/01\/31\/dresden-calling-infoveranstaltung-zu-den-massenblockaden-im-februar\/","title":{"rendered":"Dresden Calling \u2013 Infoveranstaltung zu den Massenblockaden im Februar"},"content":{"rendered":"<p>Auch in diesem Jahr mobilisieren (Neo-)Nazis aus ganz Deutschland und dem umliegenden Ausland zur Gro\u00dfdemonstration nach Dresden. Nachdem im letzten Jahr, am 13. Februar 2010, mehr als 10 000 Antifaschist_innen, Gewerkschafter_innen, Mitglieder von Parteien und Initiativen und (teils) prominente Einzelpersonen den Naziaufmarsch durch Massenblockaden verhinderten, herrscht in der rechten Szene eine &#8222;jetzt erst recht&#8220;-Stimmung. F\u00fcr den <strong>19. Februar 2011<\/strong> rufen die NPD, aber auch freie Kameradschaften und geschichtsrevisionistische Gruppen wie die &#8222;Junge Landsmannschaft Ostdeutschland&#8220; (JLO) zu einer Gro\u00dfdemonstration auf. <\/p>\n<p>Die Nazis sollen auch dieses Jahr nicht vom Fleck kommen, haben sich die B\u00fcndnisse &#8222;Nazifrei &#8211; Dresden stellt sich quer&#8220; und &#8222;No Pasar\u00e1n&#8220; vorgenommen. Wie im letzten Jahr hei\u00dft der Schl\u00fcssel f\u00fcr eine erfolgreiche Verhinderung des Naziaufmarschs auch dieses Mal: Massenblockaden. Aus Berlin werden, wie schon vor einem Jahr, wieder weit mehr als 20 Busse nach Dresden fahren. <\/p>\n<p>An der FU Berlin wird deshalb am <strong>Mittwoch, den 2.2., ab 18 Uhr<\/strong> eine Infoveranstaltung stattfinden. Im <strong>H\u00f6rsaal 2 in der Silberlaube<\/strong> werden Vertreter_innen der Antifaschistischen Linken Berlin, der Gr\u00fcnen Jugend, dem Jugendverband solid und der Gewerkschaft ver.di \u00fcber die Hintergr\u00fcnde des Widerstands gegen den gr\u00f6\u00dften Nazievent Europas informieren. Anschlie\u00dfend wird das Blockadekonzept vorgestellt, und es wird die M\u00f6glichkeit geben, Bustickets f\u00fcr die Fahrt nach Dresden zu kaufen. <\/p>\n<p>Zeigen wir den Nazis, dass sie auch in diesem Jahr nicht durchkommen werden! <\/p>\n<p>weitere Infos: <a href=\"http:\/\/www.dresden-nazifrei.com\/\">http:\/\/www.dresden-nazifrei.com\/<\/a><br \/>\n<a href=\"http:\/\/no-pasaran.mobi\/\">http:\/\/no-pasaran.mobi\/<\/a><br \/>\nBring zwei Freund_innen mit! <a href=\"http:\/\/www.bringzwei.com\/\">http:\/\/www.bringzwei.com\/<\/a><\/p>\n","protected":false},"excerpt":{"rendered":"<p>Auch in diesem Jahr mobilisieren (Neo-)Nazis aus ganz Deutschland und dem umliegenden Ausland zur Gro\u00dfdemonstration nach Dresden. Nachdem im letzten Jahr, am 13. Februar 2010, mehr als 10 000 Antifaschist_innen, Gewerkschafter_innen, Mitglieder von Parteien und Initiativen und (teils) prominente Einzelpersonen den Naziaufmarsch durch Massenblockaden verhinderten, herrscht in der rechten Szene eine &#8222;jetzt erst recht&#8220;-Stimmung. F\u00fcr &hellip; <a href=\"https:\/\/userblogs.fu-berlin.de\/fsi_osi\/2011\/01\/31\/dresden-calling-infoveranstaltung-zu-den-massenblockaden-im-februar\/\" class=\"more-link\"><span class=\"screen-reader-text\">\u201eDresden Calling \u2013 Infoveranstaltung zu den Massenblockaden im Februar\u201c<\/span> weiterlesen<\/a><\/p>\n","protected":false},"author":6075,"featured_media":0,"comment_status":"open","ping_status":"open","sticky":false,"template":"","format":"standard","meta":{"footnotes":""},"categories":[91,463640],"tags":[],"class_list":["post-133","post","type-post","status-publish","format-standard","hentry","category-allgemein","category-ankuendigungen"],"_links":{"self":[{"href":"https:\/\/userblogs.fu-berlin.de\/fsi_osi\/wp-json\/wp\/v2\/posts\/133","targetHints":{"allow":["GET"]}}],"collection":[{"href":"https:\/\/userblogs.fu-berlin.de\/fsi_osi\/wp-json\/wp\/v2\/posts"}],"about":[{"href":"https:\/\/userblogs.fu-berlin.de\/fsi_osi\/wp-json\/wp\/v2\/types\/post"}],"author":[{"embeddable":true,"href":"https:\/\/userblogs.fu-berlin.de\/fsi_osi\/wp-json\/wp\/v2\/users\/6075"}],"replies":[{"embeddable":true,"href":"https:\/\/userblogs.fu-berlin.de\/fsi_osi\/wp-json\/wp\/v2\/comments?post=133"}],"version-history":[{"count":0,"href":"https:\/\/userblogs.fu-berlin.de\/fsi_osi\/wp-json\/wp\/v2\/posts\/133\/revisions"}],"wp:attachment":[{"href":"https:\/\/userblogs.fu-berlin.de\/fsi_osi\/wp-json\/wp\/v2\/media?parent=133"}],"wp:term":[{"taxonomy":"category","embeddable":true,"href":"https:\/\/userblogs.fu-berlin.de\/fsi_osi\/wp-json\/wp\/v2\/categories?post=133"},{"taxonomy":"post_tag","embeddable":true,"href":"https:\/\/userblogs.fu-berlin.de\/fsi_osi\/wp-json\/wp\/v2\/tags?post=133"}],"curies":[{"name":"wp","href":"https:\/\/api.w.org\/{rel}","templated":true}]}}