{"id":140,"date":"2011-04-11T14:37:30","date_gmt":"2011-04-11T13:37:30","guid":{"rendered":"http:\/\/fsiosi.blogsport.de\/?p=140"},"modified":"2011-04-11T14:37:30","modified_gmt":"2011-04-11T13:37:30","slug":"das-semester-beginnt","status":"publish","type":"post","link":"https:\/\/userblogs.fu-berlin.de\/fsi_osi\/2011\/04\/11\/das-semester-beginnt\/","title":{"rendered":"Das Semester beginnt\u2026"},"content":{"rendered":"<p>In den Semesterferien klingt ja die hochschulpolitische Aktivit\u00e4t naturgem\u00e4\u00df immer ein wenig ab. Kein Wunder, stehen doch dann statt h\u00f6chst \u00f6ffentlichkeitswirksamer Aktionen, alles entscheidenden Wahlk\u00e4mpfen und harten sachlichen Auseinandersetzungen im StuPa erstmal eher Hausarbeiten, Urlaub oder Praktikum auf dem Programm. <\/p>\n<p>Aber nun sind die Ferien ja vorbei, ab heute stehen die T\u00fcren der wundersch\u00f6nen FU-Geb\u00e4ude im Berliner S\u00fcdwesten wieder weit offen f\u00fcr Seminare, Vorlesungen, Tutorien, Projektkurse, \u00dcbungen usw. usf.<br \/>\nDamit beginnt nun auch f\u00fcr uns wieder der Ernst des hochschulpolitischen Lebens. Das letzte Semester endete, wie vielleicht bekannt, mit einer ganzen Reihe von Erfolgen f\u00fcr uns: wir schafften es, zwei Sitze im Studierendenparlament und beide Sitze im Institutsrat des OSI zu erlangen; die Wahl eines B\u00f6rzel-\/Risse-freundlichen Dekanats konnte kurz vor Beginn der Ferien abgewendet werden; unsere Informationsveranstaltung mit anschlie\u00dfendem Tresen \u00fcber &#8222;Die radikale Linke in Eretz Israel&#8220; war bestens besucht und \u00fcberaus spannend. Die Messlatte liegt also recht hoch &#8211; gut, dass wir uns von so etwas nicht unter Druck setzen lassen&#8230; <\/p>\n<p>Dieses Semester hat jedoch auch gleich wieder ein paar wichtige Termine parat: so soll sich am <strong>20. April der neue Fachbereichsrat konstituieren, dazu geh\u00f6rt auch die Wahl eines neuen Dekanats<\/strong>. Wir setzen uns daf\u00fcr ein, dass dieses studierendenfreundlich besetzt wird und in seiner Zusammensetzung auch dem Umstand Rechnung tr\u00e4gt, dass der Fachbereich PolSoz aus mehr aus dem OSI und das OSI aus mehr als Governance-Forschung besteht. Wenn das geschafft ist, lockt am <strong>25. April unser n\u00e4chster Ini-Tresen in&#8217;s Bandito Rosso. Wir arbeiten daran, eine Veranstaltung zum Aufstand in \u00c4gypten<\/strong> zu organisieren. Kurz darauf, n\u00e4mlich am <strong>29. April, findet dann die Semesterauftaktparty der Fachschaftsinitiativen an der FU statt &#8211; im Bethanien<\/strong>, also in etwas kleinerem Rahmen als im Wintersemester. <\/p>\n<p>Und dann ist da ja noch das Berliner Hochschulgesetz, bzw. dessen Novelle, der nicht nur wir gespannt entgegensehen. Gut m\u00f6glich, dass sich das Schlimmste einmal mehr &#8211; wie schon 2003 oder 2005 &#8211; nur auf der Stra\u00dfe wird verhindern lassen. <\/p>\n<p>Allen Studierenden einen guten Start in&#8217;s Semester!<\/p>\n","protected":false},"excerpt":{"rendered":"<p>In den Semesterferien klingt ja die hochschulpolitische Aktivit\u00e4t naturgem\u00e4\u00df immer ein wenig ab. Kein Wunder, stehen doch dann statt h\u00f6chst \u00f6ffentlichkeitswirksamer Aktionen, alles entscheidenden Wahlk\u00e4mpfen und harten sachlichen Auseinandersetzungen im StuPa erstmal eher Hausarbeiten, Urlaub oder Praktikum auf dem Programm. Aber nun sind die Ferien ja vorbei, ab heute stehen die T\u00fcren der wundersch\u00f6nen FU-Geb\u00e4ude &hellip; <a href=\"https:\/\/userblogs.fu-berlin.de\/fsi_osi\/2011\/04\/11\/das-semester-beginnt\/\" class=\"more-link\"><span class=\"screen-reader-text\">\u201eDas Semester beginnt\u2026\u201c<\/span> weiterlesen<\/a><\/p>\n","protected":false},"author":6075,"featured_media":0,"comment_status":"open","ping_status":"open","sticky":false,"template":"","format":"standard","meta":{"footnotes":""},"categories":[91,463640,464170,463967,463349],"tags":[],"class_list":["post-140","post","type-post","status-publish","format-standard","hentry","category-allgemein","category-ankuendigungen","category-gremienarbeit","category-hochschulpolitik","category-osi"],"_links":{"self":[{"href":"https:\/\/userblogs.fu-berlin.de\/fsi_osi\/wp-json\/wp\/v2\/posts\/140","targetHints":{"allow":["GET"]}}],"collection":[{"href":"https:\/\/userblogs.fu-berlin.de\/fsi_osi\/wp-json\/wp\/v2\/posts"}],"about":[{"href":"https:\/\/userblogs.fu-berlin.de\/fsi_osi\/wp-json\/wp\/v2\/types\/post"}],"author":[{"embeddable":true,"href":"https:\/\/userblogs.fu-berlin.de\/fsi_osi\/wp-json\/wp\/v2\/users\/6075"}],"replies":[{"embeddable":true,"href":"https:\/\/userblogs.fu-berlin.de\/fsi_osi\/wp-json\/wp\/v2\/comments?post=140"}],"version-history":[{"count":0,"href":"https:\/\/userblogs.fu-berlin.de\/fsi_osi\/wp-json\/wp\/v2\/posts\/140\/revisions"}],"wp:attachment":[{"href":"https:\/\/userblogs.fu-berlin.de\/fsi_osi\/wp-json\/wp\/v2\/media?parent=140"}],"wp:term":[{"taxonomy":"category","embeddable":true,"href":"https:\/\/userblogs.fu-berlin.de\/fsi_osi\/wp-json\/wp\/v2\/categories?post=140"},{"taxonomy":"post_tag","embeddable":true,"href":"https:\/\/userblogs.fu-berlin.de\/fsi_osi\/wp-json\/wp\/v2\/tags?post=140"}],"curies":[{"name":"wp","href":"https:\/\/api.w.org\/{rel}","templated":true}]}}