{"id":145,"date":"2011-05-05T16:11:48","date_gmt":"2011-05-05T15:11:48","guid":{"rendered":"http:\/\/fsiosi.blogsport.de\/2011\/05\/05\/konstituierende-sitzung-des-institutsrats\/"},"modified":"2011-05-05T16:11:48","modified_gmt":"2011-05-05T15:11:48","slug":"konstituierende-sitzung-des-institutsrats","status":"publish","type":"post","link":"https:\/\/userblogs.fu-berlin.de\/fsi_osi\/2011\/05\/05\/konstituierende-sitzung-des-institutsrats\/","title":{"rendered":"Konstituierende Sitzung des Institutsrats"},"content":{"rendered":"<p><em>Neuerung im Doppelpaket: Studentische Vertreter und Gesch\u00e4ftsf\u00fchrendes Direktorium<\/em><\/p>\n<p>Wieder einmal in aller Herrgottsfr\u00fche begann am Mittwoch, 4. Mai 2011, die erste, konstituierende Sitzung des neu gew\u00e4hlten Institutsrats am OSI. W\u00e4hrend in der Sitzung die meisten Vertreter_innen die Vorstellungsrunde haupts\u00e4chlich dazu nutzten, ihr \u201emangelndes Strukturwissen\u201c zu beteuern \u2013 an vorderster Front Thomas Risse, das Unschuldslamm \u2013 wollen wir an dieser Stelle nicht gro\u00df auf  Unzul\u00e4nglichkeiten rumreiten, sondern uns kurz als neue studentische Mitglieder des Institutsrats vorstellen:<\/p>\n<p>Weil der FSI OSI in dieser Legislaturperiode beide studentischen Stimmen im Institutsrat zugefallen sind, sind ab nun zwei Vertreter der FSI OSI im Institutsrat vertreten. Wir, Etienne Schneider und Tim Sontheimer, studieren beide im 4. Semester Politikwissenschaft, werden uns nach Kr\u00e4ften f\u00fcr Interessen der Studierenden am Institut einsetzen und f\u00fcr eine kritische, emanzipatorische Gestaltung der Lehre und der gesamten Hochschule einstehen. Das geht nat\u00fcrlich nur, wenn ihr unsere Arbeit kritisch begleitet, uns Anregungen und Einsch\u00e4tzungen gebt und kein Blatt vor den Mund nehmt, wenn ihr mal anderer Meinung seid. Am besten erreicht ihr uns unter der E-Mailadresse fsiosi@web.de oder auf einem unserer Plena (Termine zu finden auf <a href=\"http:\/\/www.fsiosi.blogsport.de\">www.fsiosi.blogsport.de<\/a>). <\/p>\n<p>Au\u00dferdem wollen wir die bisherige Praxis fortsetzen, Berichte \u00fcber die Gremiensitzungen zu schreiben und all jene hochschulpolitisch Aktiven und Interessierten auf dem Laufenden zu halten, die es nicht regelm\u00e4\u00dfig um halb 9 in den Institutsrat schaffen. So entsteht vielleicht eine gewisse Transparenz, die \u2013 um auf die Sitzung des Institutsrats zur\u00fcckzukommen &#8211; das neu gew\u00e4hlte Gesch\u00e4ftsf\u00fchrende Direktorium (GD) gleich in der ersten Sitzung in den Wind schlug: Zur Wahl stellten sich Tanja B\u00f6rzel als Gesch\u00e4ftsf\u00fchrende Direktorin und Susanne L\u00fctz als Stellvertreterin, deren Kandidatur ohne R\u00fccksprache mit den studentischen Vertretern oder den wissenschaftlichen Mitarbeiter_innen im verborgenen K\u00e4mmerlein des Professoriums bereits ausgekl\u00fcngelt war. Bezeichnender Weise wurde Tanja B\u00f6rzel dann auch nur mit 6 Stimmen gew\u00e4hlt (zwei Gegenstimmen, zwei Enthaltungen), Susanne L\u00fctz schaffte es auf 8 Stimmen (zwei Gegenstimmen). Bereits die erste relevante Entscheidung macht insofern weder personell noch verfahrenstechnisch Hoffnung auf ein GD, das zwischen den Lagern und Statusgruppen moderiert. Unser Ziel wird es jetzt sein, die \u201epolitische\u201c Handhabe des GD f\u00fcr Eigeninteressen zu beobachten, zu kritisieren und einzud\u00e4mmen. <\/p>\n<p><em>Gremien im \u00dcberfluss \u2013 wer will, wer will, wer hat noch nicht?<\/em><\/p>\n<p>Danach ging es dann in erster Linie um die Neubesetzung diverser Gremien, f\u00fcr die noch studentische Mitglieder gesucht werden (wenn ihr Interesse habt, meldet euch bei uns!). F\u00fcr den <strong>Pr\u00fcfungsausschuss<\/strong>, in dem konkrete Fragen zu Pr\u00fcfungen, Leistungsanerkennungen, Ausnahmeregelungen oder auch Plagiatsvorf\u00e4llen diskutiert und entschieden werden, braucht es zwei neue studentische Vertreter_innen. Wichtig ist es hier, vor allem eine studierendenfreundliche Anerkennungspraxis zu vertreten und die Spielr\u00e4ume innerhalb der engen Bachelor-Modulstruktur weitestm\u00f6glich auszudehnen. <\/p>\n<p>Des Weiteren wird es im Zuge der Anregungen durch das Peer-Review-Verfahren zwei neue Kommissionen geben: die <strong>Studienreformkommission<\/strong>, die sich um die Anpassung und Weiterentwicklung der am Institut angebotenen Studieng\u00e4nge k\u00fcmmern soll, und eine <strong>Kommission zur Verbesserung der Website-Pr\u00e4senz f\u00fcr interessierte Studierende<\/strong>. Besonders f\u00fcr die Studienreformkommission brauchen wir zwei studentische Vertreter_innen, die bereit sind, sich in Studienordnungen einzuarbeiten. Auch wenn die Hauptaufgabe der Kommission die Behebung von (formalen und rechtlichen) M\u00e4ngeln der Studienordnungen ist, die im Rahmen des Peer-Review-Verfahrens aufgedeckt wurden, werden sich wohl auch dar\u00fcber hinaus viele Spielr\u00e4ume f\u00fcr eine Umgestaltung der Studienordnungen in unserem Sinne ergeben, die es zu nutzen gilt. <strong>Also noch mal der Aufruf: meldet euch bei uns!<\/strong><\/p>\n<p><em>Neverending Story \u2013 das OSI, sein omin\u00f6ser Haushalt und drei Flachbildfernseher<\/em><\/p>\n<p>Auf unser Dr\u00e4ngen hin wurde au\u00dferdem der Haushaltsausschuss des OSIs neu bestimmt. Als studentisches Mitglied wird Tim Sontheimer mitmachen; Rainer Quitzow, wissenschaftlicher Mitarbeiter am Forschungszentrum f\u00fcr Umweltpoltik, soll den Mittelbau vertreten. Ob damit die allgegenw\u00e4rtige Rede von knappen Kassen, finanziellen Engp\u00e4ssen und unver\u00e4nderbaren Sachzw\u00e4ngen etwas transparenter wird, muss sich noch herausstellen. Ein erster Schritt in die richtige Richtung ist es auf jeden Fall.<\/p>\n<p>Angesichts des alten Lieds vom knappen Haushalt lag es uns nat\u00fcrlich auch am Herzen, die pl\u00f6tzliche Pr\u00e4senz m\u00e4chtiger \u2013 und unserer Ansicht nach v\u00f6llig \u00fcberfl\u00fcssiger \u2013 Flachbildfernseher im OSI-Foyer und in Foyer des Osteuropa-Instituts einmal auf ihre Hintergr\u00fcnde zu pr\u00fcfen. Wie sich nachher im Fachbereichsrat herausstellte, wurden diese auf \u201eWunsch einiger Studierender\u201c installiert, die sich mit ihrer Sehnsucht nach ein paar medialen Prachtexemplaren an den Universit\u00e4tspr\u00e4sidenten Andre Alt gleich h\u00f6chstpers\u00f6nlich wandten. Hintergrund: Miranda Schreurs sollte in ihrer neuen Funktion als Mitglied der \u201eEthikkommission\u201c zum Ausstieg aus der Atomkraft institutsweit bestaunt werden k\u00f6nnen. In seiner allumfassenden Gro\u00dfz\u00fcgigkeit soll sich unser Pr\u00e4sident des Anliegens angenommen und die Anbringung veranlasst haben \u2013 auf Kosten des Fachbereichs. Insgesamt eine h\u00f6chst dubiose Kiste, wie wir finden. Zumindest sollen die Fl\u00e4chen dann bald f\u00fcr aktuelle Veranstaltungsank\u00fcndigungen genutzt werden&#8230; und apropos: Atomausstieg bleibt Handarbeit!<\/p>\n<p><em>Prek\u00e4re Leere in der Lehre<\/em><\/p>\n<p>Zu guter Letzt ging es dann noch um Lehrangelegenheiten: Sozialkundler_innen sehen sich schon seit einigen Semestern mit dem Problem konfrontiert, dass die f\u00fcr sie verpflichtende Vorlesung zu \u201eRechtlichen Grundlagen\u201c nicht mehr angeboten wird. Als \u00dcbergangl\u00f6sung sollen nun im Sommersemester 2011 Proseminare anstelle der Vorlesung anrechenbar sein. Im kommenden Wintersemester 2011\/2012 wird dann hoffentlich wieder eine Vorlesung von Joachim Mengel angeboten, der auch f\u00fcr die Koordination des Lehrangebots in diesem Bereich verantwortlich ist.<\/p>\n<p>Dass Mengel daf\u00fcr Kapazit\u00e4ten hat, ist auch deshalb wahrscheinlich, weil ab Wintersemester 2011\/2012 das Lehrangebot im Bereich \u201ePolitisches System der BRD\u201c von einer Vertretung \u00fcbernommen werden soll. Damit soll die Zeit zwischen Hesses Verrentung und der Neubesetzung der Professur \u00fcberbr\u00fcckt werden. Da der Vorschlag aus dem Professorium, wer diese Vertretung \u00fcbernehmen k\u00f6nnte, Anfang dieser Woche wie aus dem Nichts hervorgeschossen kam und wieder mal jegliche Transparenz und Absprache mit den Studierenden vermissen hat lassen, haben wir uns im nicht-\u00f6ffentlichen Teil der Sitzung daf\u00fcr eingesetzt, die Entscheidung auf n\u00e4chste Woche zu vertagen. Bis dahin werden wir pr\u00fcfen, inwieweit wir den Bewerber f\u00fcr geeignet halten und uns eventuell nach Alternativen umsehen. Details dazu wird es dann im n\u00e4chsten Bericht geben. <\/p>\n","protected":false},"excerpt":{"rendered":"<p>Neuerung im Doppelpaket: Studentische Vertreter und Gesch\u00e4ftsf\u00fchrendes Direktorium Wieder einmal in aller Herrgottsfr\u00fche begann am Mittwoch, 4. Mai 2011, die erste, konstituierende Sitzung des neu gew\u00e4hlten Institutsrats am OSI. W\u00e4hrend in der Sitzung die meisten Vertreter_innen die Vorstellungsrunde haupts\u00e4chlich dazu nutzten, ihr \u201emangelndes Strukturwissen\u201c zu beteuern \u2013 an vorderster Front Thomas Risse, das Unschuldslamm \u2013 &hellip; <a href=\"https:\/\/userblogs.fu-berlin.de\/fsi_osi\/2011\/05\/05\/konstituierende-sitzung-des-institutsrats\/\" class=\"more-link\"><span class=\"screen-reader-text\">\u201eKonstituierende Sitzung des Institutsrats\u201c<\/span> weiterlesen<\/a><\/p>\n","protected":false},"author":6075,"featured_media":0,"comment_status":"open","ping_status":"open","sticky":false,"template":"","format":"standard","meta":{"footnotes":""},"categories":[91],"tags":[],"class_list":["post-145","post","type-post","status-publish","format-standard","hentry","category-allgemein"],"_links":{"self":[{"href":"https:\/\/userblogs.fu-berlin.de\/fsi_osi\/wp-json\/wp\/v2\/posts\/145","targetHints":{"allow":["GET"]}}],"collection":[{"href":"https:\/\/userblogs.fu-berlin.de\/fsi_osi\/wp-json\/wp\/v2\/posts"}],"about":[{"href":"https:\/\/userblogs.fu-berlin.de\/fsi_osi\/wp-json\/wp\/v2\/types\/post"}],"author":[{"embeddable":true,"href":"https:\/\/userblogs.fu-berlin.de\/fsi_osi\/wp-json\/wp\/v2\/users\/6075"}],"replies":[{"embeddable":true,"href":"https:\/\/userblogs.fu-berlin.de\/fsi_osi\/wp-json\/wp\/v2\/comments?post=145"}],"version-history":[{"count":0,"href":"https:\/\/userblogs.fu-berlin.de\/fsi_osi\/wp-json\/wp\/v2\/posts\/145\/revisions"}],"wp:attachment":[{"href":"https:\/\/userblogs.fu-berlin.de\/fsi_osi\/wp-json\/wp\/v2\/media?parent=145"}],"wp:term":[{"taxonomy":"category","embeddable":true,"href":"https:\/\/userblogs.fu-berlin.de\/fsi_osi\/wp-json\/wp\/v2\/categories?post=145"},{"taxonomy":"post_tag","embeddable":true,"href":"https:\/\/userblogs.fu-berlin.de\/fsi_osi\/wp-json\/wp\/v2\/tags?post=145"}],"curies":[{"name":"wp","href":"https:\/\/api.w.org\/{rel}","templated":true}]}}