{"id":159,"date":"2011-07-21T15:22:12","date_gmt":"2011-07-21T14:22:12","guid":{"rendered":"http:\/\/fsiosi.blogsport.de\/2011\/07\/21\/allein-gegen-alle\/"},"modified":"2011-07-21T15:22:12","modified_gmt":"2011-07-21T14:22:12","slug":"allein-gegen-alle","status":"publish","type":"post","link":"https:\/\/userblogs.fu-berlin.de\/fsi_osi\/2011\/07\/21\/allein-gegen-alle\/","title":{"rendered":"Allein gegen Alle"},"content":{"rendered":"<p>Kein Geld f\u00fcr Lehrauftr\u00e4ge<\/p>\n<p>Nachdem es nach der Institutsratssitzung vom 6.7. noch so ausgesehen hatte, als ob das OSI mit R\u00fcckendeckung des Dekanats sein Minimallehrangebot erhalten sollte, ist nun wieder alles offen, denn das Dekanat des Fachbereiches hat das Lehrangebot an das OSI zur\u00fcckgegeben und fordert sogenannte &#8222;Nachbesserungen&#8220;. Die h\u00e4rteste Entscheidung ist, dass die Lehrauftr\u00e4ge, welche nunmehr komplett besoldet werden m\u00fcssen, aus den Leistungsmitteln des OSI bezahlt werden m\u00fcssen. Diese werden zu gro\u00dfem Teil jedoch anderweitig ben\u00f6tigt. Au\u00dferdem ist zur Verwendung der Mittel die Zustimmung der Inhaber_innen der Kostenstellen (also der Profs) notwendig. Was das bedeutet? Aus der geschlossenen Linie, die der Institutsrat noch vor zwei Wochen beschworen hat, werden nun wahrscheinlich einzelne Kostenstellen aussteigen m\u00fcssen (da sie die Mittel dringend ben\u00f6tigen und ohnehin unterfinanziert sind) w\u00e4hrend andere wenig Interesse daran haben, Lehrauftr\u00e4ge zu finanzieren &#8211; wir schlittern also in einen Verteilungskampf hinein, der die alten (und tiefen) Gr\u00e4ben am Institut eher noch weiter vertiefen wird. Die Streichung vieler Lehrauftr\u00e4ge erscheint im Moment unausweichlich, was nicht nur einen Verlust von Quantit\u00e4t, sondern auch der Qualit\u00e4t bedeuten wird, da sich Seminare noch mehr f\u00fcllen (100 Menschen, anyone?), was f\u00fcr alle Beteiligten extrem belastend sein d\u00fcrfte.<\/p>\n<p>Kein Geld f\u00fcr Tutorien <\/p>\n<p>Ebenso fatal wie diese Entscheidung trifft das Institut der Pr\u00e4sidiumsbeschluss, den sogenannten &#8222;Aufwuchs&#8220;, also die Student_innen, welche zus\u00e4tzlich zu den bisherigen hinzu immatrikuliert werden sollten, kurzer Hand wegzudefinieren, da es f\u00fcr die Gesamtuniversit\u00e4t scheinbar noch nicht die erwarteten erh\u00f6hten Bewerbungszahlen gegeben hat. Dies nimmt das Pr\u00e4sidium nun zum Anlass, alle Mittel, welche dem OSI zugesagt worden sind, um diesen &#8222;Aufwuchs&#8220; zu bew\u00e4ltigen, komplett und ersatzlos zu streichen. Diese Mittel waren unter anderem zur Ausfinanzierung der Tutorien zur Einf\u00fchrungsvorlesung vorgesehen (die in der Studienordnung verpflichtend vorgeschrieben sind) und somit klafft eine weitere L\u00fccke, und was das f\u00fcr die neuen 300 Erstis bedeutet, ist aus didaktischer Perspektive eine Katastrophe &#8211; und wenn sich nicht schnell eine L\u00f6sung findet, verdoppelt sich das Problem zum n\u00e4chsten Wintersemester, da das OSI dann Tutorien f\u00fcr 600 Studis bereitstellen muss.<\/p>\n<p>Wie gehts weiter?<\/p>\n<p>Zu einem Zeitpunkt, da das Lehrangebot feststehen sollte und viele Professor_innen, welche \u00fcber die Freigabe der Leistungsmittel entscheiden, sowie die Gesch\u00e4ftsf\u00fchrende Direktorin im Urlaub sind, und uns die Zeit davon l\u00e4uft, versuchen wir mit der ABK (Ausbildungskommission) zu retten was noch zu retten ist. Im Angesicht der Tatsache, dass viele von uns schon extrem viel Arbeit in das Lehrangebot gesteckt haben, sehen wir uns jetzt mit der Situation konfrontiert, dass uns das Dekanat auf eine Art und Weise einen Strich durch die Rechnung macht, die wirklich weh tut, wobei es schwer f\u00e4llt nachzuvollziehen, wieso der Studiendekan (der in der Institutsratssitzung am 6.7. anwesend war) sich nicht vorher ge\u00e4u\u00dfert hat, und uns somit binnen k\u00fcrzester Zeit Entscheidungen aufzwingt, die sich im n\u00e4chsten Semester massiv niederschlagen werden.<br \/>\nUm ein wie auch immer ge\u00e4ndertes Lehrangebot zu beschlie\u00dfen nun muss eine Institutsratssitzung  einberufen werden damit die Entscheidungen rechtsg\u00fcltig werden. <\/p>\n<p>Ich hoffe ihr k\u00f6nnt eure Ferien genie\u00dfen, wir halten euch auf dem Laufenden<\/p>\n<p>eure FSI*OSI<\/p>\n","protected":false},"excerpt":{"rendered":"<p>Kein Geld f\u00fcr Lehrauftr\u00e4ge Nachdem es nach der Institutsratssitzung vom 6.7. noch so ausgesehen hatte, als ob das OSI mit R\u00fcckendeckung des Dekanats sein Minimallehrangebot erhalten sollte, ist nun wieder alles offen, denn das Dekanat des Fachbereiches hat das Lehrangebot an das OSI zur\u00fcckgegeben und fordert sogenannte &#8222;Nachbesserungen&#8220;. Die h\u00e4rteste Entscheidung ist, dass die Lehrauftr\u00e4ge, &hellip; <a href=\"https:\/\/userblogs.fu-berlin.de\/fsi_osi\/2011\/07\/21\/allein-gegen-alle\/\" class=\"more-link\"><span class=\"screen-reader-text\">\u201eAllein gegen Alle\u201c<\/span> weiterlesen<\/a><\/p>\n","protected":false},"author":6075,"featured_media":0,"comment_status":"open","ping_status":"open","sticky":false,"template":"","format":"standard","meta":{"footnotes":""},"categories":[91,464170,463967,463349],"tags":[],"class_list":["post-159","post","type-post","status-publish","format-standard","hentry","category-allgemein","category-gremienarbeit","category-hochschulpolitik","category-osi"],"_links":{"self":[{"href":"https:\/\/userblogs.fu-berlin.de\/fsi_osi\/wp-json\/wp\/v2\/posts\/159","targetHints":{"allow":["GET"]}}],"collection":[{"href":"https:\/\/userblogs.fu-berlin.de\/fsi_osi\/wp-json\/wp\/v2\/posts"}],"about":[{"href":"https:\/\/userblogs.fu-berlin.de\/fsi_osi\/wp-json\/wp\/v2\/types\/post"}],"author":[{"embeddable":true,"href":"https:\/\/userblogs.fu-berlin.de\/fsi_osi\/wp-json\/wp\/v2\/users\/6075"}],"replies":[{"embeddable":true,"href":"https:\/\/userblogs.fu-berlin.de\/fsi_osi\/wp-json\/wp\/v2\/comments?post=159"}],"version-history":[{"count":0,"href":"https:\/\/userblogs.fu-berlin.de\/fsi_osi\/wp-json\/wp\/v2\/posts\/159\/revisions"}],"wp:attachment":[{"href":"https:\/\/userblogs.fu-berlin.de\/fsi_osi\/wp-json\/wp\/v2\/media?parent=159"}],"wp:term":[{"taxonomy":"category","embeddable":true,"href":"https:\/\/userblogs.fu-berlin.de\/fsi_osi\/wp-json\/wp\/v2\/categories?post=159"},{"taxonomy":"post_tag","embeddable":true,"href":"https:\/\/userblogs.fu-berlin.de\/fsi_osi\/wp-json\/wp\/v2\/tags?post=159"}],"curies":[{"name":"wp","href":"https:\/\/api.w.org\/{rel}","templated":true}]}}