{"id":16,"date":"2008-01-15T09:19:46","date_gmt":"2008-01-15T08:19:46","guid":{"rendered":"http:\/\/fsiosi.blogsport.de\/2008\/01\/15\/i-rats-sitzung-am-mittwoch-160108\/"},"modified":"2008-01-15T09:19:46","modified_gmt":"2008-01-15T08:19:46","slug":"i-rats-sitzung-am-mittwoch-160108","status":"publish","type":"post","link":"https:\/\/userblogs.fu-berlin.de\/fsi_osi\/2008\/01\/15\/i-rats-sitzung-am-mittwoch-160108\/","title":{"rendered":"I-Rats-Sitzung am Mittwoch, 16.01.08"},"content":{"rendered":"<p>Es wurde folgendes studentisches Forderungspapier bez\u00fcglich der Zusammenlegung der Bibliotheken erstellt, welches dem I-Rat am Mittwoch, 16.01.08 um 8.30 (Ihne 21, HS B), vorgelegt wird.<br \/>\nUm diese Forderungen mit so vielen Menschen wie m\u00f6glich zu unterst\u00fctzen, kommt alle zur I-Rat-Situng!<\/p>\n<p>Studentische Forderungen zur Zukunft der Bibliotheken<\/p>\n<p>Der Zugang zu einer umfassenden Literaturauswahl ist die Grundlage eines jeden Studiums. Schon jetzt beeintr\u00e4chtigen die langen Wartezeiten auf ben\u00f6tigte B\u00fccher einen sinnvollen Ablauf des Studiums. So sind das Verfassen wissenschaftlicher Arbeiten und die Vorbereitung auf Pr\u00fcfungen oft erheblich eingeschr\u00e4nkt. Interesse der Universit\u00e4t ist es, den Wissensdurst der Studierenden durch ein vielf\u00e4ltiges Literaturangebot zu befriedigen und zu f\u00f6rdern. Jegliche Schm\u00e4lerung des Bibliotheksumfangs steht in absoluten Widerspruch zu diesem erkl\u00e4rten Ziel.<br \/>\nVor diesem Hintergrund fordern wir vom Institutsrat des Otto-Suhr-Instituts:<\/p>\n<p>\u00b7\tEngagement f\u00fcr den sofortigen Stopp der Zusammenlegung der Fachbereichsbibliotheken PolSoz<br \/>\n\u00b7\tDie konsequente Ablehnung eines Neubaus f\u00fcr 15 Mio Euro, der zur einer K\u00fcrzung des bisherigen Angebots f\u00fchrt<br \/>\n\u00b7\tSich vehement gegen undemokratische Entscheidungsstrukturen an der Universit\u00e4t zu wehren und keine Selbstentmachtung autonomer Fachbereiche mehr zu betreiben<br \/>\n\u00b7\tDie Studienbedingungen f\u00fcr finanziell schlechter gestellte Studierende nicht dadurch zus\u00e4tzlich zu verschlechtern, dass diese zuk\u00fcnftig dazu gezwungen werden noch mehr B\u00fccher selbst zu kaufen<br \/>\n\u00b7\tSich f\u00fcr den Erhalt des Magazinbestands einzusetzen, da erweiterte \u00d6ffnungszeiten und \u00dcberf\u00fchrung in den Freihandbestand diesen nur erg\u00e4nzen aber nicht ersetzen k\u00f6nnen<br \/>\n\u00b7\tDie vorangegangenen Streichungen und Umstrukturierungen (bspw. Raumschlie\u00dfung der ethnologischen und publikationswissenschaftlichen Bibliotheken) innerhalb des Bibliothekswesens zu verurteilen und weiteren Personalstreichungen entgegenzutreten<br \/>\n\u00b7\tDen politischen Charakter der Aussortierung von scheinbar irrelevanten B\u00fcchern nicht zu leugnen <\/p>\n<p> Als ersten Schritt fordern wir deshalb die bereits begonnene Aussonderung von Literatur sofort zu beenden und \u00fcber den Verbleib schon aussortierter B\u00fccher zu informieren!<\/p>\n","protected":false},"excerpt":{"rendered":"<p>Es wurde folgendes studentisches Forderungspapier bez\u00fcglich der Zusammenlegung der Bibliotheken erstellt, welches dem I-Rat am Mittwoch, 16.01.08 um 8.30 (Ihne 21, HS B), vorgelegt wird. Um diese Forderungen mit so vielen Menschen wie m\u00f6glich zu unterst\u00fctzen, kommt alle zur I-Rat-Situng! Studentische Forderungen zur Zukunft der Bibliotheken Der Zugang zu einer umfassenden Literaturauswahl ist die Grundlage &hellip; <a href=\"https:\/\/userblogs.fu-berlin.de\/fsi_osi\/2008\/01\/15\/i-rats-sitzung-am-mittwoch-160108\/\" class=\"more-link\"><span class=\"screen-reader-text\">\u201eI-Rats-Sitzung am Mittwoch, 16.01.08\u201c<\/span> weiterlesen<\/a><\/p>\n","protected":false},"author":6075,"featured_media":0,"comment_status":"open","ping_status":"open","sticky":false,"template":"","format":"standard","meta":{"footnotes":""},"categories":[463640,464170,463349],"tags":[],"class_list":["post-16","post","type-post","status-publish","format-standard","hentry","category-ankuendigungen","category-gremienarbeit","category-osi"],"_links":{"self":[{"href":"https:\/\/userblogs.fu-berlin.de\/fsi_osi\/wp-json\/wp\/v2\/posts\/16","targetHints":{"allow":["GET"]}}],"collection":[{"href":"https:\/\/userblogs.fu-berlin.de\/fsi_osi\/wp-json\/wp\/v2\/posts"}],"about":[{"href":"https:\/\/userblogs.fu-berlin.de\/fsi_osi\/wp-json\/wp\/v2\/types\/post"}],"author":[{"embeddable":true,"href":"https:\/\/userblogs.fu-berlin.de\/fsi_osi\/wp-json\/wp\/v2\/users\/6075"}],"replies":[{"embeddable":true,"href":"https:\/\/userblogs.fu-berlin.de\/fsi_osi\/wp-json\/wp\/v2\/comments?post=16"}],"version-history":[{"count":0,"href":"https:\/\/userblogs.fu-berlin.de\/fsi_osi\/wp-json\/wp\/v2\/posts\/16\/revisions"}],"wp:attachment":[{"href":"https:\/\/userblogs.fu-berlin.de\/fsi_osi\/wp-json\/wp\/v2\/media?parent=16"}],"wp:term":[{"taxonomy":"category","embeddable":true,"href":"https:\/\/userblogs.fu-berlin.de\/fsi_osi\/wp-json\/wp\/v2\/categories?post=16"},{"taxonomy":"post_tag","embeddable":true,"href":"https:\/\/userblogs.fu-berlin.de\/fsi_osi\/wp-json\/wp\/v2\/tags?post=16"}],"curies":[{"name":"wp","href":"https:\/\/api.w.org\/{rel}","templated":true}]}}