{"id":160,"date":"2011-07-22T16:10:37","date_gmt":"2011-07-22T15:10:37","guid":{"rendered":"http:\/\/fsiosi.blogsport.de\/2011\/07\/22\/ein-kurzes-update-zur-osi-lehre\/"},"modified":"2011-07-22T16:10:37","modified_gmt":"2011-07-22T15:10:37","slug":"ein-kurzes-update-zur-osi-lehre","status":"publish","type":"post","link":"https:\/\/userblogs.fu-berlin.de\/fsi_osi\/2011\/07\/22\/ein-kurzes-update-zur-osi-lehre\/","title":{"rendered":"Ein kurzes Update zur OSI Lehre"},"content":{"rendered":"<p>Nach der heutigen Sitzung von ABK und Lehrplanung geht der Streit um das Lehrangebot am OSI in die n\u00e4chste Runde. Die Kritik, welche das Dekanat an der Vorlage ge\u00fcbt hatte, stellte sich bei n\u00e4herer Betrachtung als Mischung von Rechenfehlern und einer beispiellosen Doppelmoral heraus &#8211; w\u00e4hrend einerseits in einigen Bereichen mehr Lehre gefordert wurde (bei dem absoluten Minimalangebot, welches den Institutsrat passierte kein Wunder) andererseits aber auch verlangt wurde, die Lehrauftr\u00e4ge massiv zu k\u00fcrzen. Dies ist jedoch nicht geschehen, und mit einigen Korrekturen geht das Lehrangebot wieder zur\u00fcck ans Dekanat. Sollte sich dieses Hin und Her noch l\u00e4nger hinziehen droht ein beispielloses Chaos zum Semesterstart, da die Einstellung ins Campus Management dann in k\u00fcrzester Zeit passieren m\u00fcssen, was bei dieser nahezu &#8222;fehlerfrei&#8220; arbeitenden Software fatale Auswirkungen nach sich ziehen wird.<\/p>\n<p>Weiterhin bleibt die Frage der Finanzierung von Tutorien offen , da die Tutorien zur Einf\u00fchrungsvorlesung nun vom Fachbereichsrat ausgeschrieben werden m\u00fcssen, aller Vorraussicht nach dort jedoch abgeschmettert werden. Wir bleiben da aber erst mal dran!<br \/>\nWeiterhin deutet sich an, dass verschiedene Professor_innen ihren eigenen Weg aus dem Tutorienproblem w\u00e4hlen. W\u00e4hrend einige der gut aufgestellten Kostenstellen ihre Tutorien selbst finazieren, denken sich andere Bereiche kreative Umgehungsm\u00f6glichkeiten f\u00fcr den Begriff Tutorium aus, da sie sich eine Bezahlung nicht leisten k\u00f6nnen. Beide Vorgehensweisen sind aufs sch\u00e4fste zu verurteilen, da hier eine beispiellose Zwei-Klassen-Gesellschaft etabiliert wird und unglaublich unsolidarisch ist. Die betreffenden Professor_innen sollten unserer Auffassung nach lieber gemeinsam eine vertretbare, solidarische L\u00f6sung finden, anstatt weiterhin ihre eigenen S\u00fcppchen zu kochen. Genau diese Fragmentierung ist es, welche die Position des OSI nach au\u00dfen extrem schw\u00e4cht, und unsere Verhandlungsposition gegen\u00fcber Dekanat und Pr\u00e4sidium nahezu aussichtlos erscheinen l\u00e4sst.<\/p>\n<p>Nachtrag: Uns wurde kommuniziert, dass die letzten Artikel schwer nachzuvollziehen waren, wenn mensch sich nicht mit HochschulPolitik auskennt. Da wir aber teilweise schon sehr lange im Dickicht des Institutes unterwegs sind, wissen wir teilweise nicht, was unklar bleibt, und was nicht, deswegen nutzt bitte die Kommentarfunktion, damit wir Unklarheiten beseitigen k\u00f6nnen<\/p>\n<p>so long<\/p>\n<p>FSI*OSI<\/p>\n","protected":false},"excerpt":{"rendered":"<p>Nach der heutigen Sitzung von ABK und Lehrplanung geht der Streit um das Lehrangebot am OSI in die n\u00e4chste Runde. Die Kritik, welche das Dekanat an der Vorlage ge\u00fcbt hatte, stellte sich bei n\u00e4herer Betrachtung als Mischung von Rechenfehlern und einer beispiellosen Doppelmoral heraus &#8211; w\u00e4hrend einerseits in einigen Bereichen mehr Lehre gefordert wurde (bei &hellip; <a href=\"https:\/\/userblogs.fu-berlin.de\/fsi_osi\/2011\/07\/22\/ein-kurzes-update-zur-osi-lehre\/\" class=\"more-link\"><span class=\"screen-reader-text\">\u201eEin kurzes Update zur OSI Lehre\u201c<\/span> weiterlesen<\/a><\/p>\n","protected":false},"author":6075,"featured_media":0,"comment_status":"open","ping_status":"open","sticky":false,"template":"","format":"standard","meta":{"footnotes":""},"categories":[91,464170,463967,463349],"tags":[],"class_list":["post-160","post","type-post","status-publish","format-standard","hentry","category-allgemein","category-gremienarbeit","category-hochschulpolitik","category-osi"],"_links":{"self":[{"href":"https:\/\/userblogs.fu-berlin.de\/fsi_osi\/wp-json\/wp\/v2\/posts\/160","targetHints":{"allow":["GET"]}}],"collection":[{"href":"https:\/\/userblogs.fu-berlin.de\/fsi_osi\/wp-json\/wp\/v2\/posts"}],"about":[{"href":"https:\/\/userblogs.fu-berlin.de\/fsi_osi\/wp-json\/wp\/v2\/types\/post"}],"author":[{"embeddable":true,"href":"https:\/\/userblogs.fu-berlin.de\/fsi_osi\/wp-json\/wp\/v2\/users\/6075"}],"replies":[{"embeddable":true,"href":"https:\/\/userblogs.fu-berlin.de\/fsi_osi\/wp-json\/wp\/v2\/comments?post=160"}],"version-history":[{"count":0,"href":"https:\/\/userblogs.fu-berlin.de\/fsi_osi\/wp-json\/wp\/v2\/posts\/160\/revisions"}],"wp:attachment":[{"href":"https:\/\/userblogs.fu-berlin.de\/fsi_osi\/wp-json\/wp\/v2\/media?parent=160"}],"wp:term":[{"taxonomy":"category","embeddable":true,"href":"https:\/\/userblogs.fu-berlin.de\/fsi_osi\/wp-json\/wp\/v2\/categories?post=160"},{"taxonomy":"post_tag","embeddable":true,"href":"https:\/\/userblogs.fu-berlin.de\/fsi_osi\/wp-json\/wp\/v2\/tags?post=160"}],"curies":[{"name":"wp","href":"https:\/\/api.w.org\/{rel}","templated":true}]}}