{"id":177,"date":"2012-01-05T14:35:29","date_gmt":"2012-01-05T13:35:29","guid":{"rendered":"http:\/\/fsiosi.blogsport.de\/?p=177"},"modified":"2012-01-05T14:35:29","modified_gmt":"2012-01-05T13:35:29","slug":"itag-institutstag-2012-am-osi","status":"publish","type":"post","link":"https:\/\/userblogs.fu-berlin.de\/fsi_osi\/2012\/01\/05\/itag-institutstag-2012-am-osi\/","title":{"rendered":"iTag \u2013 Institutstag 2012 am OSI"},"content":{"rendered":"<p><strong>Update: jetzt mit Programm <a href=\"http:\/\/fsiosi.blogsport.de\/images\/I.TagProgramm.pdf\" title=\"programm\"><em>(PDF)<\/em><\/a>!<\/strong><\/p>\n<p><img decoding=\"async\" src=\"http:\/\/fsiosi.blogsport.de\/images\/Itagbunt.jpeg\" alt=\"itag\" \/> <\/p>\n<p>Es gibt &#8211; mal wieder &#8211; Streit am OSI: die Verabschiedung einer neuen BA-Studienordnung, die bis Semesterende erfolgt sein soll, sorgt f\u00fcr gro\u00dfen Zwist zwischen Teilen der Professor_innenschaft und vielen Studis. Nicht nur wir hatten h\u00e4ufig das Gef\u00fchl, dass auf <a href=\"http:\/\/fsiosi.blogsport.de\/2011\/12\/09\/institutsrat-am-7-12-das-fane-prinzip-am-osi\/\"><em>Argumente gar nicht erst eingegangen<\/em><\/a> wird. Eine Verst\u00e4ndigung \u00fcber den zuk\u00fcnftigen Kurs des OSI ist dringend notwendig, das haben mittlerweile auch die meisten Profs erkannt.<br \/>\nDer Institutsrat beschloss daher in seiner letzten Sitzung vor den Weihnachtsferien, den 9.1. zum Institutstag zu erkl\u00e4ren.<br \/>\nDie zahlreiche Beteiligung aller Statusgruppen ist ausdr\u00fccklich erw\u00fcnscht, bei parallelen Lehrveranstaltungen sollen die Dozent_innen laut IR-Beschluss den Studierenden die Teilnahme erm\u00f6glichen, sprich: auf Anwesenheitskontrollen etc. verzichten. <\/p>\n<p><strong>Los geht&#8217;s um 12 Uhr, am Montag, den 9.1. <\/strong><\/p>\n","protected":false},"excerpt":{"rendered":"<p>Update: jetzt mit Programm (PDF)! Es gibt &#8211; mal wieder &#8211; Streit am OSI: die Verabschiedung einer neuen BA-Studienordnung, die bis Semesterende erfolgt sein soll, sorgt f\u00fcr gro\u00dfen Zwist zwischen Teilen der Professor_innenschaft und vielen Studis. Nicht nur wir hatten h\u00e4ufig das Gef\u00fchl, dass auf Argumente gar nicht erst eingegangen wird. Eine Verst\u00e4ndigung \u00fcber den &hellip; <a href=\"https:\/\/userblogs.fu-berlin.de\/fsi_osi\/2012\/01\/05\/itag-institutstag-2012-am-osi\/\" class=\"more-link\"><span class=\"screen-reader-text\">\u201eiTag \u2013 Institutstag 2012 am OSI\u201c<\/span> weiterlesen<\/a><\/p>\n","protected":false},"author":6075,"featured_media":0,"comment_status":"open","ping_status":"open","sticky":false,"template":"","format":"standard","meta":{"footnotes":""},"categories":[463640,463967,463349],"tags":[],"class_list":["post-177","post","type-post","status-publish","format-standard","hentry","category-ankuendigungen","category-hochschulpolitik","category-osi"],"_links":{"self":[{"href":"https:\/\/userblogs.fu-berlin.de\/fsi_osi\/wp-json\/wp\/v2\/posts\/177","targetHints":{"allow":["GET"]}}],"collection":[{"href":"https:\/\/userblogs.fu-berlin.de\/fsi_osi\/wp-json\/wp\/v2\/posts"}],"about":[{"href":"https:\/\/userblogs.fu-berlin.de\/fsi_osi\/wp-json\/wp\/v2\/types\/post"}],"author":[{"embeddable":true,"href":"https:\/\/userblogs.fu-berlin.de\/fsi_osi\/wp-json\/wp\/v2\/users\/6075"}],"replies":[{"embeddable":true,"href":"https:\/\/userblogs.fu-berlin.de\/fsi_osi\/wp-json\/wp\/v2\/comments?post=177"}],"version-history":[{"count":0,"href":"https:\/\/userblogs.fu-berlin.de\/fsi_osi\/wp-json\/wp\/v2\/posts\/177\/revisions"}],"wp:attachment":[{"href":"https:\/\/userblogs.fu-berlin.de\/fsi_osi\/wp-json\/wp\/v2\/media?parent=177"}],"wp:term":[{"taxonomy":"category","embeddable":true,"href":"https:\/\/userblogs.fu-berlin.de\/fsi_osi\/wp-json\/wp\/v2\/categories?post=177"},{"taxonomy":"post_tag","embeddable":true,"href":"https:\/\/userblogs.fu-berlin.de\/fsi_osi\/wp-json\/wp\/v2\/tags?post=177"}],"curies":[{"name":"wp","href":"https:\/\/api.w.org\/{rel}","templated":true}]}}