{"id":178,"date":"2012-01-09T11:35:57","date_gmt":"2012-01-09T10:35:57","guid":{"rendered":"http:\/\/fsiosi.blogsport.de\/?p=178"},"modified":"2012-01-09T11:35:57","modified_gmt":"2012-01-09T10:35:57","slug":"stupa-wahlen-2012-liste-32fsiosi-waehlen","status":"publish","type":"post","link":"https:\/\/userblogs.fu-berlin.de\/fsi_osi\/2012\/01\/09\/stupa-wahlen-2012-liste-32fsiosi-waehlen\/","title":{"rendered":"StuPa-Wahlen 2012 \u2013 Liste 32\/FSI*OSI w\u00e4hlen!"},"content":{"rendered":"<p>Er macht einen etwas m\u00fcden Eindruck, der diesj\u00e4hrige Wahlkampf vor den Wahlen zum StudierendenParlament (StuPa). Keine wilden Unterstellungen \u00fcber &#8222;steinewerfende Hysterikerinnen&#8220; (die Liberale Hochschulgruppe \u00fcber die FSI Geschichte), keine gegenseitigen Beschuldigungsorgien wie zwischen Gr\u00fcner Hochschulgruppe und Gr\u00fcn-Alternativer Liste, und nicht zuletzt: keine Wahl des Fachschaftsrats (FSR) am Fachbereich Politik- und Sozialwissenschaften. Warum wir uns dar\u00fcber freuen, kann mensch in <a href=\"http:\/\/fsiosi.blogsport.de\/images\/KeinFachschaftsratnirgends.pdf\"><em>dieser Brosch\u00fcre<\/em><\/a> nachlesen. <\/p>\n<p>Der <strong>Wahltermin ist dieses Jahr von 10.-12. Januar<\/strong>; ansonsten ist alles beim Alten: die Wahllokale sind jeweils von 9:45 Uhr bis 16:15 Uhr ge\u00f6ffnet. Die komplette \u00dcbersicht aller zur Wahl zugelassenen Listen gibt es auf der Homepage des <a href=\"http:\/\/www.fu-berlin.de\/sites\/studwv\/Wahlen\/Zulassung\/index.html\"><em>Studentischen Wahlvorstandes<\/em><\/a>. Im StuPa werden nach wie vor genau 60 Sitze vergeben, f\u00fcr ein Jahr. Das Studierendenparlament bestimmt v.a. die Zusammensetzung und damit die politische Ausrichtung des Allgemeinen Studierendenausschusses AStA. An der FU gibt es eine mittlerweile \u00fcber 30-j\u00e4hrige Tradition eines linken, parteipolitisch unabh\u00e4ngigen AStAs, getragen von Fachschaftsinitiativen wie unserer und den so genannten Regenbogenlisten wie der &#8222;antifaschistischen linken liste&#8220; oder der &#8222;Unabh\u00e4ngigen Schwulen Liste&#8220;. Die FSI*OSI h\u00e4lt derzeit zwei Sitze im StuPa. <\/p>\n<p><img decoding=\"async\" src=\"http:\/\/fsiosi.blogsport.de\/images\/BATINI.jpeg\" alt=\"batini\" \/> <\/p>\n<p><strong>Warum mensch uns w\u00e4hlen sollte? Mal anders herum gefragt: ja, warum denn nicht?<\/strong><\/p>\n<p> Immerhin haben wir im letzten Jahr&#8230;<\/p>\n<p>&#8211; die Ersti-Tage organisiert. In diesem Wintersemester sogar komplett eigenst\u00e4ndig. Und nur bei uns gibt&#8217;s Kekse!<br \/>\n&#8211; gemeinsam mit &#8222;reflect!&#8220; die Prekarisierung der Lehre am OSI thematisiert.<br \/>\n&#8211; mit Sonja Buckel, Birgit Sauer und Ulrich Brand drei hochkar\u00e4tige Wissenschaftler_innen f\u00fcr die Veranstaltung zu Critical Governance Studies gewonnen.<br \/>\n&#8211; uns darum gek\u00fcmmert, dass Kommissionen und der Pr\u00fcfungsausschuss mit kompetenten, engagierten und vertrauensw\u00fcrdigen Studierendenvertreter_innen besetzt werden.<br \/>\n&#8211; in teils m\u00fchseliger, monatelanger Gremienarbeit versucht, das Beste aus der Reform der Studieng\u00e4nge am OSI zu machen.<br \/>\n&#8211; zur Diskussion dieser Studieng\u00e4nge den Institutstag organisiert und durchgezogen.<br \/>\n&#8211; eine grandiose Semesterauftaktparty mitorganisiert<br \/>\n&#8211; unsere Tresentermine immer wieder mit spannenden und informativen Vortr\u00e4gen (etwa zur Linken in Israel oder zur Revolution in \u00c4gypten) gef\u00fcllt&#8230;<br \/>\n&#8211; &#8230; oder, wenn das mal nicht ging, wenigstens erheiternde, tragische, trashige oder k\u00fcnstlerisch wertvolle Filme gezeigt.<\/p>\n<p>Die Liste lie\u00dfe sich bestimmt fortsetzen, das Wichtigste ist aber enthalten. Also: <strong>ab morgen, auf ins OSI-Foyer und Liste 32\/FSI*OSI w\u00e4hlen!<\/strong> Zum W\u00e4hlen braucht ihr euren Studiausweis und einen Lichtbildausweis, also Perso oder F\u00fchrerschein. <\/p>\n","protected":false},"excerpt":{"rendered":"<p>Er macht einen etwas m\u00fcden Eindruck, der diesj\u00e4hrige Wahlkampf vor den Wahlen zum StudierendenParlament (StuPa). Keine wilden Unterstellungen \u00fcber &#8222;steinewerfende Hysterikerinnen&#8220; (die Liberale Hochschulgruppe \u00fcber die FSI Geschichte), keine gegenseitigen Beschuldigungsorgien wie zwischen Gr\u00fcner Hochschulgruppe und Gr\u00fcn-Alternativer Liste, und nicht zuletzt: keine Wahl des Fachschaftsrats (FSR) am Fachbereich Politik- und Sozialwissenschaften. Warum wir uns dar\u00fcber &hellip; <a href=\"https:\/\/userblogs.fu-berlin.de\/fsi_osi\/2012\/01\/09\/stupa-wahlen-2012-liste-32fsiosi-waehlen\/\" class=\"more-link\"><span class=\"screen-reader-text\">\u201eStuPa-Wahlen 2012 \u2013 Liste 32\/FSI*OSI w\u00e4hlen!\u201c<\/span> weiterlesen<\/a><\/p>\n","protected":false},"author":6075,"featured_media":0,"comment_status":"open","ping_status":"open","sticky":false,"template":"","format":"standard","meta":{"footnotes":""},"categories":[463640,464170,463967],"tags":[],"class_list":["post-178","post","type-post","status-publish","format-standard","hentry","category-ankuendigungen","category-gremienarbeit","category-hochschulpolitik"],"_links":{"self":[{"href":"https:\/\/userblogs.fu-berlin.de\/fsi_osi\/wp-json\/wp\/v2\/posts\/178","targetHints":{"allow":["GET"]}}],"collection":[{"href":"https:\/\/userblogs.fu-berlin.de\/fsi_osi\/wp-json\/wp\/v2\/posts"}],"about":[{"href":"https:\/\/userblogs.fu-berlin.de\/fsi_osi\/wp-json\/wp\/v2\/types\/post"}],"author":[{"embeddable":true,"href":"https:\/\/userblogs.fu-berlin.de\/fsi_osi\/wp-json\/wp\/v2\/users\/6075"}],"replies":[{"embeddable":true,"href":"https:\/\/userblogs.fu-berlin.de\/fsi_osi\/wp-json\/wp\/v2\/comments?post=178"}],"version-history":[{"count":0,"href":"https:\/\/userblogs.fu-berlin.de\/fsi_osi\/wp-json\/wp\/v2\/posts\/178\/revisions"}],"wp:attachment":[{"href":"https:\/\/userblogs.fu-berlin.de\/fsi_osi\/wp-json\/wp\/v2\/media?parent=178"}],"wp:term":[{"taxonomy":"category","embeddable":true,"href":"https:\/\/userblogs.fu-berlin.de\/fsi_osi\/wp-json\/wp\/v2\/categories?post=178"},{"taxonomy":"post_tag","embeddable":true,"href":"https:\/\/userblogs.fu-berlin.de\/fsi_osi\/wp-json\/wp\/v2\/tags?post=178"}],"curies":[{"name":"wp","href":"https:\/\/api.w.org\/{rel}","templated":true}]}}