{"id":185,"date":"2012-01-24T14:45:52","date_gmt":"2012-01-24T13:45:52","guid":{"rendered":"http:\/\/fsiosi.blogsport.de\/?p=185"},"modified":"2012-01-24T14:45:52","modified_gmt":"2012-01-24T13:45:52","slug":"veranstaltungen-noch-und-noecher-der-30-1","status":"publish","type":"post","link":"https:\/\/userblogs.fu-berlin.de\/fsi_osi\/2012\/01\/24\/veranstaltungen-noch-und-noecher-der-30-1\/","title":{"rendered":"Veranstaltungen noch und n\u00f6cher \u2013 der 30.1."},"content":{"rendered":"<p>Ein Blick in die Terminliste auf der rechten Seite des Blogs zeigt es bereits: der kommende Montag, 30.1., ist bestens gef\u00fcllt mit spannenden und lehrreichen Veranstaltungen.<br \/>\nSo veranstaltet eine AG des Proseminars &#8222;Extremismustheorie reloaded &#8211; zur Renaissance eines umstrittenen Begriffs&#8220; eine Podiumsdiskussion am OSI. Aktueller Anlass ist die sog. &#8222;Demokratieklausel&#8220;, deren Unterzeichnung die Bundesregierung seit Kurzem f\u00fcr die Empf\u00e4nger_innen von staatlichen F\u00f6rdergeldern vorschreibt. \u00dcber die Sinnhaftigkeit solcher Vorhaben, aber auch \u00fcber die wissenschaftlichen Grundannahmen der Extremismustheorie diskutieren:<br \/>\n&#8211; Dr. Viola Neu von der Konrad-Adenauer-Stiftung<br \/>\n&#8211; Prof. Dr. Wolfgang Wippermann von der FU Berlin<br \/>\n&#8211; Thorsten Reschke, Vorsitzender der BVV-Fraktion der CDU in Berlin-Mitte<br \/>\n&#8211; Martina Wolff vom JWP Mittendrin e.V. in Neuruppin, ein zu Unrecht vom Verfassungsschutz beobachteter Jugendclub<br \/>\n&#8211; Bianca Klose von der Mobilen Beratung gegen Rechtsextremismus (MBR)<\/p>\n<p><strong>Los geht&#8217;s um 18 Uhr im H\u00f6rsaal 21\/A.<\/strong> <\/p>\n<p>Die FSI PuK hat zeitgleich ihre Veranstaltung im Rahmen der Reihe &#8222;Wissenschaft und Kritik&#8220; im <strong>H\u00f6rsaal 55\/A<\/strong>. Thema ist &#8222;Die Kritik des kritischen Rationalismus \u2013 Die Aktualit\u00e4t des Popper\u2019schen Muffs.&#8220; Mehr Informationen dazu gibt es <a href=\"http:\/\/tobib.spline.de\/wikri\/2011\/08\/die-kritik-des-kritischen-rationalismus-die-aktualitat-des-popperschen-muffs\/\"><em>hier<\/em><\/a>.<\/p>\n<p>Zusammen mit der <a href=\"http:\/\/fsigeschichte.blogsport.de\/\"><em>FSI Geschichte<\/em><\/a> zeigen wir dann abends <strong>(21 Uhr) im Bandito Rosso<\/strong> den Film &#8222;Der gew\u00f6hnliche Faschismus&#8220;. Alles wichtige steht auf dem Plakat und im Ank\u00fcndigungstext:<br \/>\n<img decoding=\"async\" src=\"http:\/\/fsiosi.blogsport.de\/images\/plakat_filmtresen.png\" alt=\"gew&Atilde;&para;hnlich\" \/> <\/p>\n<p>Am 30. Januar 1933 \u00fcbergaben die wirtschaftlichen, milit\u00e4rischen und politischen Eliten der Weimarer Republik die Macht an Adolf Hitler. Die Folgen dieses Schritts sind bekannt: die Ausschaltung der deutschen Arbeiter_innenbewegung, der Versuch der Vernichtung des europ\u00e4ischen Judentums und der von Deutschland ausgehende Zweite Weltkrieg mit mehr als 50 Millionen Toten. Zwanzig Jahre nach Ende dieses Krieges schuf der sowjetische Regisseur Michail Romm den Film \u201eDer gew\u00f6hnliche Faschismus\u201c. Dieser Dokumentarfilm setzte stilistisch und inhaltlich Ma\u00dfst\u00e4be und ist bis heute eine der genauesten filmischen Beobachtungen des deutschen Faschismus in seiner ganz allt\u00e4glichen Banalit\u00e4t \u2013 ohne dabei je die verbrecherische Dimension aus den Augen zu verlieren.<\/p>\n<p>Wir freuen uns \u00fcber die vielen Veranstaltungen, dar\u00fcber dass sie studentisch organisiert sind und hoffen auf zahlreiche Beteiligung. <\/p>\n","protected":false},"excerpt":{"rendered":"<p>Ein Blick in die Terminliste auf der rechten Seite des Blogs zeigt es bereits: der kommende Montag, 30.1., ist bestens gef\u00fcllt mit spannenden und lehrreichen Veranstaltungen. So veranstaltet eine AG des Proseminars &#8222;Extremismustheorie reloaded &#8211; zur Renaissance eines umstrittenen Begriffs&#8220; eine Podiumsdiskussion am OSI. Aktueller Anlass ist die sog. &#8222;Demokratieklausel&#8220;, deren Unterzeichnung die Bundesregierung seit &hellip; <a href=\"https:\/\/userblogs.fu-berlin.de\/fsi_osi\/2012\/01\/24\/veranstaltungen-noch-und-noecher-der-30-1\/\" class=\"more-link\"><span class=\"screen-reader-text\">\u201eVeranstaltungen noch und n\u00f6cher \u2013 der 30.1.\u201c<\/span> weiterlesen<\/a><\/p>\n","protected":false},"author":6075,"featured_media":0,"comment_status":"open","ping_status":"open","sticky":false,"template":"","format":"standard","meta":{"footnotes":""},"categories":[91,463640,463349],"tags":[],"class_list":["post-185","post","type-post","status-publish","format-standard","hentry","category-allgemein","category-ankuendigungen","category-osi"],"_links":{"self":[{"href":"https:\/\/userblogs.fu-berlin.de\/fsi_osi\/wp-json\/wp\/v2\/posts\/185","targetHints":{"allow":["GET"]}}],"collection":[{"href":"https:\/\/userblogs.fu-berlin.de\/fsi_osi\/wp-json\/wp\/v2\/posts"}],"about":[{"href":"https:\/\/userblogs.fu-berlin.de\/fsi_osi\/wp-json\/wp\/v2\/types\/post"}],"author":[{"embeddable":true,"href":"https:\/\/userblogs.fu-berlin.de\/fsi_osi\/wp-json\/wp\/v2\/users\/6075"}],"replies":[{"embeddable":true,"href":"https:\/\/userblogs.fu-berlin.de\/fsi_osi\/wp-json\/wp\/v2\/comments?post=185"}],"version-history":[{"count":0,"href":"https:\/\/userblogs.fu-berlin.de\/fsi_osi\/wp-json\/wp\/v2\/posts\/185\/revisions"}],"wp:attachment":[{"href":"https:\/\/userblogs.fu-berlin.de\/fsi_osi\/wp-json\/wp\/v2\/media?parent=185"}],"wp:term":[{"taxonomy":"category","embeddable":true,"href":"https:\/\/userblogs.fu-berlin.de\/fsi_osi\/wp-json\/wp\/v2\/categories?post=185"},{"taxonomy":"post_tag","embeddable":true,"href":"https:\/\/userblogs.fu-berlin.de\/fsi_osi\/wp-json\/wp\/v2\/tags?post=185"}],"curies":[{"name":"wp","href":"https:\/\/api.w.org\/{rel}","templated":true}]}}