{"id":190,"date":"2012-04-20T11:59:48","date_gmt":"2012-04-20T10:59:48","guid":{"rendered":"http:\/\/fsiosi.blogsport.de\/?p=190"},"modified":"2012-04-20T11:59:48","modified_gmt":"2012-04-20T10:59:48","slug":"black-block-beim-naechsten-tresen-23-4","status":"publish","type":"post","link":"https:\/\/userblogs.fu-berlin.de\/fsi_osi\/2012\/04\/20\/black-block-beim-naechsten-tresen-23-4\/","title":{"rendered":"\u201eBlack Block\u201c beim n\u00e4chsten Tresen: 23.4."},"content":{"rendered":"<p>Genua im Sommer 2001: Hunderttausende protestieren gegen die Folgen einer einseitig an Kapitalinteressen ausgerichteten Globalisierung. Kirchliche Gruppen, Sozialdemokrat_innen, Migrant_innen, Antikorruptionsorganisationen, Gewerkschaften, Anarchist_innen, Stadtteilorganisationen&#8230; Sie alle eint das Ziel, den G8-Gipfel in der italienischen Hafenstadt zu verhindern, die hermetisch abgeriegelte &#8222;Rote Zone&#8220; zu st\u00fcrmen, die M\u00e4chtigen mit ihrem Protest zu konfrontieren.<br \/>\nDie frisch gew\u00e4hlte Regierung von Silvio Berlusconi reagiert mit <a href=\"http:\/\/www.tagesspiegel.de\/politik\/das-grauen-von-genua\/1196376.html\"><em>brutaler H\u00e4rte<\/em><\/a>. Hunderte Menschen werden verletzt, im Gef\u00e4ngnis gefoltert, traumatisiert. Ein Demonstrant, der 23-j\u00e4hrige Genueser Carlo Giuliani, stirbt durch eine Polizeikugel. Besonders brutal geht die Polizei beim \u00dcberfall auf die Diaz-Schule, einem angeblichen Schlafplatz von militanten Autonomen, vor. <\/p>\n<p><img decoding=\"async\" src=\"http:\/\/lh5.ggpht.com\/-iCutTPDjySc\/T1zBj1nJUCI\/AAAAAAAAAwo\/iYHiZEfhmjI\/Immagine.jpg\" alt=\"genua\" \/><\/p>\n<p>Um die Tage des Protests in Genua, die Polizeirepression und den Sturm auf die Diaz-Schule geht es in dem Dokumentarfilm &#8222;Black Block&#8220;, der auf der Berlinale unter gro\u00dfem Andrang Premiere hatte. Wir zeigen den Film am <strong>Montag, den 23.4., um 20 Uhr<\/strong>. Anschlie\u00dfend, wenn gew\u00fcnscht, Diskussion, in jedem Fall aber kalte &#8211; und g\u00fcnstige &#8211; Getr\u00e4nke, Kicker und der \u00fcbliche unzusammenh\u00e4ngende Musikmix.<\/p>\n<p><strong>Im Bandito Rosso | Lottumstra\u00dfe 10a | U8 Rosenthaler Platz, U2 Rosa-Luxemburg-Platz<\/strong><\/p>\n","protected":false},"excerpt":{"rendered":"<p>Genua im Sommer 2001: Hunderttausende protestieren gegen die Folgen einer einseitig an Kapitalinteressen ausgerichteten Globalisierung. Kirchliche Gruppen, Sozialdemokrat_innen, Migrant_innen, Antikorruptionsorganisationen, Gewerkschaften, Anarchist_innen, Stadtteilorganisationen&#8230; Sie alle eint das Ziel, den G8-Gipfel in der italienischen Hafenstadt zu verhindern, die hermetisch abgeriegelte &#8222;Rote Zone&#8220; zu st\u00fcrmen, die M\u00e4chtigen mit ihrem Protest zu konfrontieren. Die frisch gew\u00e4hlte Regierung von &hellip; <a href=\"https:\/\/userblogs.fu-berlin.de\/fsi_osi\/2012\/04\/20\/black-block-beim-naechsten-tresen-23-4\/\" class=\"more-link\"><span class=\"screen-reader-text\">\u201e\u201eBlack Block\u201c beim n\u00e4chsten Tresen: 23.4.\u201c<\/span> weiterlesen<\/a><\/p>\n","protected":false},"author":6075,"featured_media":0,"comment_status":"open","ping_status":"open","sticky":false,"template":"","format":"standard","meta":{"footnotes":""},"categories":[91,463640],"tags":[],"class_list":["post-190","post","type-post","status-publish","format-standard","hentry","category-allgemein","category-ankuendigungen"],"_links":{"self":[{"href":"https:\/\/userblogs.fu-berlin.de\/fsi_osi\/wp-json\/wp\/v2\/posts\/190","targetHints":{"allow":["GET"]}}],"collection":[{"href":"https:\/\/userblogs.fu-berlin.de\/fsi_osi\/wp-json\/wp\/v2\/posts"}],"about":[{"href":"https:\/\/userblogs.fu-berlin.de\/fsi_osi\/wp-json\/wp\/v2\/types\/post"}],"author":[{"embeddable":true,"href":"https:\/\/userblogs.fu-berlin.de\/fsi_osi\/wp-json\/wp\/v2\/users\/6075"}],"replies":[{"embeddable":true,"href":"https:\/\/userblogs.fu-berlin.de\/fsi_osi\/wp-json\/wp\/v2\/comments?post=190"}],"version-history":[{"count":0,"href":"https:\/\/userblogs.fu-berlin.de\/fsi_osi\/wp-json\/wp\/v2\/posts\/190\/revisions"}],"wp:attachment":[{"href":"https:\/\/userblogs.fu-berlin.de\/fsi_osi\/wp-json\/wp\/v2\/media?parent=190"}],"wp:term":[{"taxonomy":"category","embeddable":true,"href":"https:\/\/userblogs.fu-berlin.de\/fsi_osi\/wp-json\/wp\/v2\/categories?post=190"},{"taxonomy":"post_tag","embeddable":true,"href":"https:\/\/userblogs.fu-berlin.de\/fsi_osi\/wp-json\/wp\/v2\/tags?post=190"}],"curies":[{"name":"wp","href":"https:\/\/api.w.org\/{rel}","templated":true}]}}