{"id":192,"date":"2012-04-26T19:55:37","date_gmt":"2012-04-26T18:55:37","guid":{"rendered":"http:\/\/fsiosi.blogsport.de\/?p=192"},"modified":"2012-04-26T19:55:37","modified_gmt":"2012-04-26T18:55:37","slug":"bericht-vom-institutsrat-am-25-04-2012","status":"publish","type":"post","link":"https:\/\/userblogs.fu-berlin.de\/fsi_osi\/2012\/04\/26\/bericht-vom-institutsrat-am-25-04-2012\/","title":{"rendered":"Bericht vom Institutsrat am 25.04.2012"},"content":{"rendered":"<p>Ein neues Semester hat begonnen und damit auch die Arbeit der Gremien. Und es gibt einiges zu tun. Denn in das institutspolitische Tagesgesch\u00e4ft haben sich auch ein paar andere, dringende Probleme eingeschlichen. So gibt es &#8211; zum \u00c4rgernis der Studierenden &#8211; unter anderem Seminare mit v\u00f6llig \u00fcberzogenen Leistungsanforderungen, Profs, die nicht mehr als 25 Hausarbeiten korrigieren wollen und dazu noch den Totalausfall des Pr\u00fcfungsb\u00fcros, was gerade in der Zeit der Anmeldung der Bachelorarbeiten zum Problem wird.<\/p>\n<p><strong>Professuren \u00fcber Professuren<\/strong><br \/>\nAm OSI werden in naher Zukunft einige Professuren frei und damit neu ausgeschrieben. Das Votum f\u00fcr die Professur System der BRD wird wohl in diesen Tagen an den Senat weiter gereicht. Das Verfahren wird von einem Minderheitenvotum begleitet. Auch wir sehen einige Kritikpunkte. Die Professur Rechtliche Grundlagen wird weiterhin nicht ausgeschrieben und das Pr\u00e4sidium bleibt \u2013 vorerst \u2013 bei seiner Ausschreibungs-Blockade. Des Weiteren wird voraussichtlich ab dem Wintersemester 2013\/14 die Professur Politikdidaktik frei \u2013 zurzeit von Peter Massing besetzt. Hier kam heute das Ger\u00fccht auf, das Pr\u00e4sidium wolle diese Professur in eine W3 umwandeln und damit finanziell und ausstattungsm\u00e4\u00dfig aufwerten. Dies w\u00e4re ein Eingriff in den Strukturplan des OSIs und w\u00fcrde wahrscheinlich eine Abwertung der Professur Rechtliche Grundlagen bedeuten. Wir bleiben da \u2013 und auch in den anderen F\u00e4llen &#8211; dran. F\u00fcr die Ausschreibung der Nordamerikaprofessur beginnt die Berufungskommission demn\u00e4chst ihre Arbeit. Au\u00dferdem hat Anja Zorob (bisher Arbeitsstelle f\u00fcr Politik des Vorderen Orients) das OSI verlassen und lehrt nun in Bochum.<\/p>\n<p><strong>Das Pr\u00fcfungsb\u00fcro ist zu<\/strong><br \/>\nDas OSI hat ein Problem. Momentan ist das Pr\u00fcfungsb\u00fcro aufgrund von u.a. krankheitsbedingten Ausf\u00e4llen nicht besetzt. Dies ist vor allem f\u00fcr uns Studierende ganz sch\u00f6n suboptimal, da momentan ein Haufen Anmeldungen zur Bachelorarbeit und auch andere Dinge (Wechsel der Studienordnung oder Anerkennung von Seminaren) sich verz\u00f6gern. Der Pr\u00fcfungsausschuss versucht einiges an Arbeit zu \u00fcbernehmen, aber vollst\u00e4ndig kann er es auch nicht leisten. Deswegen soll ein Werkvertrag einer vergeben werden, damit diese Aufgaben weiterhin geleistet werden k\u00f6nnen. Bis Mitte Mai wird die Situation allerdings schwierig bleiben. Hervorzuheben ist dabei allerdings, dass die studentischen Vertreter_innen im Pr\u00fcfungsausschuss ein hohes Engagement zeigen und u.a. die Sprechstunde des Pr\u00fcfungsb\u00fcros zum Teil \u00fcbernehmen werden.<\/p>\n<p><strong>Anderes<\/strong><br \/>\nDas OSI bekommt bald eine Online-Studienfachwahl-Assistent. Daf\u00fcr muss aber noch einiges an Arbeit geleistet werden und bei den Professor_innen scheint bisher noch niemensch bereit zu sein, die Federf\u00fchrung zu \u00fcbernehmen. Mal abwarten, wann sich die zuk\u00fcnftigen Studierenden also in einer multimedial-aufgeladenen Website das OSI aussuchen sollen.<\/p>\n<p>Der studentische Antrag zur Umstrukturierung der Vergabe von Lehrauftr\u00e4gen wurde abgelehnt. Der Antrag sah vor, den zentralen Haushalt des Instituts aufzuwerten und aus einem zentralen \u201ePool\u201c Lehrauftr\u00e4ge zu vergeben und zu verg\u00fcten. Den Profs scheinen ihre Kostenstellen da jedoch zu heilig zu sein, als dass sie diese Idee unterst\u00fctzen w\u00fcrden, und es bleib weiterhin von der \u201eGnade\u201c reicher Kostenstellen abh\u00e4ngig, ob ein Lehrauftrag finanziert wird. Mal sehen wann da das v\u00f6llige Chaos ausbricht.<\/p>\n<p>Die Forschungsstelle f\u00fcr Umweltpolitik plant in Zusammenarbeit mit der TU einen Umweltmaster. Der Irat hat dies begr\u00fc\u00dft und ab dem Wintersemester 2013\/14 &#8211; so zumindest der Plan &#8211; soll der Studiengang studierbar sein.<\/p>\n<p>Das OSI wird auch in Zukunft Exkursionen \u2013 sofern ein Antrag eingereicht wird \u2013 finanzieren. Zumindest bis 500 \u20ac und ab mindestens 10 Personen. Die bisherigen Unklarheiten bei der Vergabe von Geldern dieser Art konnten damit zum Teil ausger\u00e4umt und Kriterien zur Vergabe geschaffen werden. Denn bei der momentan prek\u00e4ren Haushaltssituation und der finanziellen Schwierigkeit ein halbwegs gutes Lehrangebot auf die Beine zu stellen sind solche Regelungen sinnvoll und richtig.<br \/>\nWenn nichts Wichtiges dazwischen kommt, dann wird der kommende Irat am Mittwoch, dem <strong>23.5. um 9 Uhr in der Ihnestr. 21\/B<\/strong> stattfinden.<\/p>\n","protected":false},"excerpt":{"rendered":"<p>Ein neues Semester hat begonnen und damit auch die Arbeit der Gremien. Und es gibt einiges zu tun. Denn in das institutspolitische Tagesgesch\u00e4ft haben sich auch ein paar andere, dringende Probleme eingeschlichen. So gibt es &#8211; zum \u00c4rgernis der Studierenden &#8211; unter anderem Seminare mit v\u00f6llig \u00fcberzogenen Leistungsanforderungen, Profs, die nicht mehr als 25 Hausarbeiten &hellip; <a href=\"https:\/\/userblogs.fu-berlin.de\/fsi_osi\/2012\/04\/26\/bericht-vom-institutsrat-am-25-04-2012\/\" class=\"more-link\"><span class=\"screen-reader-text\">\u201eBericht vom Institutsrat am 25.04.2012\u201c<\/span> weiterlesen<\/a><\/p>\n","protected":false},"author":6075,"featured_media":0,"comment_status":"open","ping_status":"open","sticky":false,"template":"","format":"standard","meta":{"footnotes":""},"categories":[91,464170],"tags":[],"class_list":["post-192","post","type-post","status-publish","format-standard","hentry","category-allgemein","category-gremienarbeit"],"_links":{"self":[{"href":"https:\/\/userblogs.fu-berlin.de\/fsi_osi\/wp-json\/wp\/v2\/posts\/192","targetHints":{"allow":["GET"]}}],"collection":[{"href":"https:\/\/userblogs.fu-berlin.de\/fsi_osi\/wp-json\/wp\/v2\/posts"}],"about":[{"href":"https:\/\/userblogs.fu-berlin.de\/fsi_osi\/wp-json\/wp\/v2\/types\/post"}],"author":[{"embeddable":true,"href":"https:\/\/userblogs.fu-berlin.de\/fsi_osi\/wp-json\/wp\/v2\/users\/6075"}],"replies":[{"embeddable":true,"href":"https:\/\/userblogs.fu-berlin.de\/fsi_osi\/wp-json\/wp\/v2\/comments?post=192"}],"version-history":[{"count":0,"href":"https:\/\/userblogs.fu-berlin.de\/fsi_osi\/wp-json\/wp\/v2\/posts\/192\/revisions"}],"wp:attachment":[{"href":"https:\/\/userblogs.fu-berlin.de\/fsi_osi\/wp-json\/wp\/v2\/media?parent=192"}],"wp:term":[{"taxonomy":"category","embeddable":true,"href":"https:\/\/userblogs.fu-berlin.de\/fsi_osi\/wp-json\/wp\/v2\/categories?post=192"},{"taxonomy":"post_tag","embeddable":true,"href":"https:\/\/userblogs.fu-berlin.de\/fsi_osi\/wp-json\/wp\/v2\/tags?post=192"}],"curies":[{"name":"wp","href":"https:\/\/api.w.org\/{rel}","templated":true}]}}