{"id":201,"date":"2012-09-24T11:37:26","date_gmt":"2012-09-24T10:37:26","guid":{"rendered":"http:\/\/fsiosi.blogsport.de\/?p=201"},"modified":"2012-09-24T11:37:26","modified_gmt":"2012-09-24T10:37:26","slug":"heute-im-bandito-rosso-die-asylstreik-bewegung-wuerzburg-berlin","status":"publish","type":"post","link":"https:\/\/userblogs.fu-berlin.de\/fsi_osi\/2012\/09\/24\/heute-im-bandito-rosso-die-asylstreik-bewegung-wuerzburg-berlin\/","title":{"rendered":"heute im Bandito Rosso: \u201eDie Asylstreik-Bewegung W\u00fcrzburg-Berlin\u201c"},"content":{"rendered":"<p>Die Ferien gehen so langsam vorbei und darum gibt&#8217;s heute abend endlich wieder unseren Bandito-Tresen und zwar mit einer Infoveranstaltung zum Protestmarsch der Fl\u00fcchtlinge von W\u00fcrzburg nach Berlin. Hier der Ank\u00fcndigungstext:<\/p>\n<p>Infos, Film und Diskussion \u00fcber Unterst\u00fctzungsm\u00f6glichkeiten. Aus den harten K\u00e4mpfen der hungerstreikenden Fl\u00fcchtlinge in W\u00fcrzburg gingen ein Protestmarsch und eine Bustour hervor, die am 8. September starteten und nach Berlin f\u00fchren. Damit demonstrieren die Aktivist_innen f\u00fcr einen menschenw\u00fcrdigen Aufenthaltsstatus in Deutschland und f\u00fcr die Abschaffung von Lagern, Gutscheinen und Residenzpflicht. Sie werden Anfang Oktober in Berlin ankommen. Hier haben Aktivist_innen aus W\u00fcrzburg das Protestcamp am Heinrichplatz errichtet und arbeiten am Aufbau eines zweiten Camps. Das &#8222;B\u00fcndnis gegen Lager Berlin\/Brandenburg&#8220; und der FSI-OSI-Tresen wollen mit AktivistInnen vom Heinrichplatz \u00fcber den Protestverlauf informieren und mit euch \u00fcber Unterst\u00fctzungsm\u00f6glichkeiten diskutieren.<\/p>\n<p>ab 21 Uhr Bandito Rosso \/ Lottumstra\u00dfe 8 \/ U Rosenthaler Platz<\/p>\n","protected":false},"excerpt":{"rendered":"<p>Die Ferien gehen so langsam vorbei und darum gibt&#8217;s heute abend endlich wieder unseren Bandito-Tresen und zwar mit einer Infoveranstaltung zum Protestmarsch der Fl\u00fcchtlinge von W\u00fcrzburg nach Berlin. Hier der Ank\u00fcndigungstext: Infos, Film und Diskussion \u00fcber Unterst\u00fctzungsm\u00f6glichkeiten. Aus den harten K\u00e4mpfen der hungerstreikenden Fl\u00fcchtlinge in W\u00fcrzburg gingen ein Protestmarsch und eine Bustour hervor, die am &hellip; <a href=\"https:\/\/userblogs.fu-berlin.de\/fsi_osi\/2012\/09\/24\/heute-im-bandito-rosso-die-asylstreik-bewegung-wuerzburg-berlin\/\" class=\"more-link\"><span class=\"screen-reader-text\">\u201eheute im Bandito Rosso: \u201eDie Asylstreik-Bewegung W\u00fcrzburg-Berlin\u201c\u201c<\/span> weiterlesen<\/a><\/p>\n","protected":false},"author":6075,"featured_media":0,"comment_status":"open","ping_status":"open","sticky":false,"template":"","format":"standard","meta":{"footnotes":""},"categories":[91,463640],"tags":[],"class_list":["post-201","post","type-post","status-publish","format-standard","hentry","category-allgemein","category-ankuendigungen"],"_links":{"self":[{"href":"https:\/\/userblogs.fu-berlin.de\/fsi_osi\/wp-json\/wp\/v2\/posts\/201","targetHints":{"allow":["GET"]}}],"collection":[{"href":"https:\/\/userblogs.fu-berlin.de\/fsi_osi\/wp-json\/wp\/v2\/posts"}],"about":[{"href":"https:\/\/userblogs.fu-berlin.de\/fsi_osi\/wp-json\/wp\/v2\/types\/post"}],"author":[{"embeddable":true,"href":"https:\/\/userblogs.fu-berlin.de\/fsi_osi\/wp-json\/wp\/v2\/users\/6075"}],"replies":[{"embeddable":true,"href":"https:\/\/userblogs.fu-berlin.de\/fsi_osi\/wp-json\/wp\/v2\/comments?post=201"}],"version-history":[{"count":0,"href":"https:\/\/userblogs.fu-berlin.de\/fsi_osi\/wp-json\/wp\/v2\/posts\/201\/revisions"}],"wp:attachment":[{"href":"https:\/\/userblogs.fu-berlin.de\/fsi_osi\/wp-json\/wp\/v2\/media?parent=201"}],"wp:term":[{"taxonomy":"category","embeddable":true,"href":"https:\/\/userblogs.fu-berlin.de\/fsi_osi\/wp-json\/wp\/v2\/categories?post=201"},{"taxonomy":"post_tag","embeddable":true,"href":"https:\/\/userblogs.fu-berlin.de\/fsi_osi\/wp-json\/wp\/v2\/tags?post=201"}],"curies":[{"name":"wp","href":"https:\/\/api.w.org\/{rel}","templated":true}]}}