{"id":21,"date":"2008-02-01T00:47:19","date_gmt":"2008-01-31T23:47:19","guid":{"rendered":"http:\/\/fsiosi.blogsport.de\/2008\/02\/01\/kritisches-zum-aktionstag\/"},"modified":"2008-02-01T00:47:19","modified_gmt":"2008-01-31T23:47:19","slug":"kritisches-zum-aktionstag","status":"publish","type":"post","link":"https:\/\/userblogs.fu-berlin.de\/fsi_osi\/2008\/02\/01\/kritisches-zum-aktionstag\/","title":{"rendered":"Kritisches zum Aktionstag"},"content":{"rendered":"<p>Heute fand der erste uniweite Aktionstag in diesem Semester statt. Gegen die Verschulung der Uni, Studiengebuehren, fuer eine demokratischere Universitaet, in der studentische Interessen wirklich beruecksichtigt werden, wir wissen, worum es geht. Es fing alles sehr lustig mit einer bunten Luftballonaktion an und endete meiner Meinung nach etwas befremdlich bei der Abschlussdemonstration.<br \/>\nIch bin mir darueber im Klaren, dass solche Aktionen nur von einem breiten Buendnis getragen werden koennen, welches sich aus sehr verschiedenen Gruppen zusammensetzt. Dort gibt es dann viele Leute von FSIs, ein paar Autonome, Orthodoxe von Revolutionaeren Listen, andere Linke, etc. Der kleinste gemeinsame Nenner ist klar, Dieter Lenzen muesse irgendwie im Klo runtergespuelt und die Uni demokratisiert werden. Der Weg dorthin ist wieder ein anderer. Einige moechten das gerne Hand in Hand mit den deutschen Werktaetigen aus Bochum erreichen, welche, von einem schweren Schicksal getroffen, ihre Arbeitsplaetze verlieren, weil der boese raffgierige NOKIA-Konzern deutsche Wertarbeit an Rumaenien ausverkaufe. Der VV-Beschluss zu dieser eher peinlichen Solidaritaetserklaerung blieb zwar aus, was diverse Leute aber nicht darin hinderte das nationale Anliegen trotzdem in die Demonstration hineinzutragen. Universitaets- und Wissenschaftskritik kommt nicht ohne Kapitalismuskritik aus. Dass diese aber nicht regressiv und latent voelkisch sein sollte, ist leider aber kein Konsens unter den linken Studierenden an der FU.<br \/>\nAehnlich wie die Kapitalismus- wurde auch die Universitaetskritik gepflegt. Personifizieung schien hier das Schlagwort zu sein, wenn das ganze Boese, Unmenschliche und der Leistungsdruck auf die Person Dieter Lenzen projiziert wird, wird die Kritik doch arg vereinfacht. Abstrakte Mechanismen, die Sachzwaenge entstehen lassen, weil das System sie erfordert, werden einer Person zugeschrieben, welche sie selbstverstaendlich auszufuehren hat. Kapitalismus kann kein moralisches Verhalten produzieren, weswegen es eigentlich sinnlos ist, sich ueber amoralisches zu echauffieren.<br \/>\nDie Demonstration selbst fand ich aeusserst seltsam, bisweilen auch etwas peinlich. Ich kann mir vorstellen, dass sie auf viele Studierende, die die ganze Sache beobachtet haben eher abschreckend wirkte. Ein Haufen zum Teil groelender Studierender, mit einem stellenweise sehr ausgepraegten Maennlichkeitsgehabe und Prolloverhalten, die dort ueber den Campus zogen, bestimmten das Bild. Militaristische Durchhalteparolen wie \u201cSolidarisieren, Mitmarschieren!\u201d droehnten aus der solid-Feuerwehr. Und dann zaehlten nicht wenige von 10 runter bis 0, um dann loszurennen. Dass das im Allgemeinen eigentlich nicht so cool ist, wie es scheinbar aussieht, beschrieb Jan Ploeger in der 3. Ausgabe der mondkalb:<br \/>\n\u201cBei der allgemein erreichten Geschwindigkeit konnte ich nicht mithalten. [&#8230;] Naja, wenigstens bestand nicht die Gefahr, \u00fcber den Haufen gerannt zu werden. Denn das ist oft genug der Fall, wenn von 3 bis 1 runtergez\u00e4hlt wird und pl\u00f6tzlich die gesamte Demo losl\u00e4uft. Sollte ich mich da einmal nicht rechtzeitig retten k\u00f6nnen&#8230; Nicht nur, dass ich diese Situationen regelm\u00e4\u00dfig als \u00e4u\u00dferst bedrohlich empfinde. Die Frage ist doch auch, was mit diesem Verhalten ausgedr\u00fcckt werden soll und wozu es dient. Der Vergewisserung der eigenen Fitness ungeachtet all der Personen, die nicht mitmachen k\u00f6nnen oder wollen? Schlie\u00dflich bin ich mir durchaus im Klaren dar\u00fcber, dass die ausgrenzende Wirkung nicht nur mich trifft.\u201c<br \/>\nViele Dinge, die wir bewusst oder unbewusst machen, widersprechen offensichtlich einem linken aufgeklaerten Selbstverstaendnis. Vielleicht bekommen wir es ja das naechste Mal hin regressiven Antikapitalismus, Macho-Gehabe und Ableism zu vermeiden.<\/p>\n<p>Mathias<\/p>\n","protected":false},"excerpt":{"rendered":"<p>Heute fand der erste uniweite Aktionstag in diesem Semester statt. Gegen die Verschulung der Uni, Studiengebuehren, fuer eine demokratischere Universitaet, in der studentische Interessen wirklich beruecksichtigt werden, wir wissen, worum es geht. Es fing alles sehr lustig mit einer bunten Luftballonaktion an und endete meiner Meinung nach etwas befremdlich bei der Abschlussdemonstration. Ich bin mir &hellip; <a href=\"https:\/\/userblogs.fu-berlin.de\/fsi_osi\/2008\/02\/01\/kritisches-zum-aktionstag\/\" class=\"more-link\"><span class=\"screen-reader-text\">\u201eKritisches zum Aktionstag\u201c<\/span> weiterlesen<\/a><\/p>\n","protected":false},"author":6075,"featured_media":0,"comment_status":"open","ping_status":"open","sticky":false,"template":"","format":"standard","meta":{"footnotes":""},"categories":[91],"tags":[],"class_list":["post-21","post","type-post","status-publish","format-standard","hentry","category-allgemein"],"_links":{"self":[{"href":"https:\/\/userblogs.fu-berlin.de\/fsi_osi\/wp-json\/wp\/v2\/posts\/21","targetHints":{"allow":["GET"]}}],"collection":[{"href":"https:\/\/userblogs.fu-berlin.de\/fsi_osi\/wp-json\/wp\/v2\/posts"}],"about":[{"href":"https:\/\/userblogs.fu-berlin.de\/fsi_osi\/wp-json\/wp\/v2\/types\/post"}],"author":[{"embeddable":true,"href":"https:\/\/userblogs.fu-berlin.de\/fsi_osi\/wp-json\/wp\/v2\/users\/6075"}],"replies":[{"embeddable":true,"href":"https:\/\/userblogs.fu-berlin.de\/fsi_osi\/wp-json\/wp\/v2\/comments?post=21"}],"version-history":[{"count":0,"href":"https:\/\/userblogs.fu-berlin.de\/fsi_osi\/wp-json\/wp\/v2\/posts\/21\/revisions"}],"wp:attachment":[{"href":"https:\/\/userblogs.fu-berlin.de\/fsi_osi\/wp-json\/wp\/v2\/media?parent=21"}],"wp:term":[{"taxonomy":"category","embeddable":true,"href":"https:\/\/userblogs.fu-berlin.de\/fsi_osi\/wp-json\/wp\/v2\/categories?post=21"},{"taxonomy":"post_tag","embeddable":true,"href":"https:\/\/userblogs.fu-berlin.de\/fsi_osi\/wp-json\/wp\/v2\/tags?post=21"}],"curies":[{"name":"wp","href":"https:\/\/api.w.org\/{rel}","templated":true}]}}