{"id":214,"date":"2012-11-26T17:42:38","date_gmt":"2012-11-26T16:42:38","guid":{"rendered":"http:\/\/fsiosi.blogsport.de\/2012\/11\/26\/podiumsdiskussion-zur-zivilklausel-2\/"},"modified":"2012-11-26T17:42:38","modified_gmt":"2012-11-26T16:42:38","slug":"podiumsdiskussion-zur-zivilklausel-2","status":"publish","type":"post","link":"https:\/\/userblogs.fu-berlin.de\/fsi_osi\/2012\/11\/26\/podiumsdiskussion-zur-zivilklausel-2\/","title":{"rendered":"Podiumsdiskussion zur Zivilklausel"},"content":{"rendered":"<p>Liebe Alle,<\/p>\n<p>nachfolgend die Einladung zu einer sehr wichtigen und empfehlenswerten Veranstaltung.<\/p>\n<p>Eure FSI*OSI<\/p>\n<p><strong>Krieg f\u00e4ngt hier an<\/strong><\/p>\n<p>Was ist eine Zivilklausel?<br \/>\nWarum brauchen wir gerade am Fachbereich Politik- und Sozialwissenschaften eine Zivilklausel?<br \/>\nWie kann ich mich engagieren?<br \/>\nDer Arbeitskreis Zivilklausel l\u00e4dt ein zur Podiumsdiskussion:<br \/>\nProf. Dr. Sven Chojnacki, Leiter des Arbeitsbereichs Friedens- und Konfliktforschung am Otto-Suhr-Institut<br \/>\nEllen H\u00f6hne, Zivilklausel-Aktivistin aus Bremen<br \/>\nDetlef Hartmann, Rechtsanwalt, Publizist und antimilitaristischer Aktivist aus K\u00f6ln<br \/>\nPeer Heinelt, promovierter Politologe und freier Autor aus Frankfurt<\/p>\n<p><strong>Mittwoch, den 28.11.12 um 18h in der Ihnestr. 21\/A (U-Bhf Thielplatz)<\/strong><\/p>\n<p>Der Arbeitskreis Zivilklausel setzt sich gegen milit\u00e4rische Forschung und f\u00fcr eine Zivilklausel am Fachbereich Politik- und Sozialwissenschaften ein, da nur so der Zweck der Wissenschaft, f\u00fcr eine friedliche und freie Gesellschaft einzutreten, gewahrt werden kann.<br \/>\nDies kann mit folgender Online Petition unterst\u00fctzt werden:<br \/>\n<em>http:\/\/tinyurl.com\/zivilklausel<\/em><br \/>\nBlog: <em>akzk.blogsport.de<\/em><br \/>\nE-Mail: <em>ak-zk@gmx.de<\/em><\/p>\n","protected":false},"excerpt":{"rendered":"<p>Liebe Alle, nachfolgend die Einladung zu einer sehr wichtigen und empfehlenswerten Veranstaltung. Eure FSI*OSI Krieg f\u00e4ngt hier an Was ist eine Zivilklausel? Warum brauchen wir gerade am Fachbereich Politik- und Sozialwissenschaften eine Zivilklausel? Wie kann ich mich engagieren? Der Arbeitskreis Zivilklausel l\u00e4dt ein zur Podiumsdiskussion: Prof. Dr. Sven Chojnacki, Leiter des Arbeitsbereichs Friedens- und Konfliktforschung &hellip; <a href=\"https:\/\/userblogs.fu-berlin.de\/fsi_osi\/2012\/11\/26\/podiumsdiskussion-zur-zivilklausel-2\/\" class=\"more-link\"><span class=\"screen-reader-text\">\u201ePodiumsdiskussion zur Zivilklausel\u201c<\/span> weiterlesen<\/a><\/p>\n","protected":false},"author":6075,"featured_media":0,"comment_status":"open","ping_status":"open","sticky":false,"template":"","format":"standard","meta":{"footnotes":""},"categories":[91],"tags":[],"class_list":["post-214","post","type-post","status-publish","format-standard","hentry","category-allgemein"],"_links":{"self":[{"href":"https:\/\/userblogs.fu-berlin.de\/fsi_osi\/wp-json\/wp\/v2\/posts\/214","targetHints":{"allow":["GET"]}}],"collection":[{"href":"https:\/\/userblogs.fu-berlin.de\/fsi_osi\/wp-json\/wp\/v2\/posts"}],"about":[{"href":"https:\/\/userblogs.fu-berlin.de\/fsi_osi\/wp-json\/wp\/v2\/types\/post"}],"author":[{"embeddable":true,"href":"https:\/\/userblogs.fu-berlin.de\/fsi_osi\/wp-json\/wp\/v2\/users\/6075"}],"replies":[{"embeddable":true,"href":"https:\/\/userblogs.fu-berlin.de\/fsi_osi\/wp-json\/wp\/v2\/comments?post=214"}],"version-history":[{"count":0,"href":"https:\/\/userblogs.fu-berlin.de\/fsi_osi\/wp-json\/wp\/v2\/posts\/214\/revisions"}],"wp:attachment":[{"href":"https:\/\/userblogs.fu-berlin.de\/fsi_osi\/wp-json\/wp\/v2\/media?parent=214"}],"wp:term":[{"taxonomy":"category","embeddable":true,"href":"https:\/\/userblogs.fu-berlin.de\/fsi_osi\/wp-json\/wp\/v2\/categories?post=214"},{"taxonomy":"post_tag","embeddable":true,"href":"https:\/\/userblogs.fu-berlin.de\/fsi_osi\/wp-json\/wp\/v2\/tags?post=214"}],"curies":[{"name":"wp","href":"https:\/\/api.w.org\/{rel}","templated":true}]}}