{"id":219,"date":"2013-01-26T16:29:04","date_gmt":"2013-01-26T15:29:04","guid":{"rendered":"http:\/\/fsiosi.blogsport.de\/2013\/01\/26\/vortrag-und-diskussion-zum-thema-burschenschaften-2\/"},"modified":"2013-01-26T16:29:04","modified_gmt":"2013-01-26T15:29:04","slug":"vortrag-und-diskussion-zum-thema-burschenschaften-2","status":"publish","type":"post","link":"https:\/\/userblogs.fu-berlin.de\/fsi_osi\/2013\/01\/26\/vortrag-und-diskussion-zum-thema-burschenschaften-2\/","title":{"rendered":"Vortrag und Diskussion zum Thema Burschenschaften"},"content":{"rendered":"<p><strong>Wir dulden keine rassistischen, nationalistischen und patriarchalischen Weltanschauungen an unserer Uni.<\/strong><\/p>\n<p>Gerade aufgrund des j\u00fcngsten Vorfalls w\u00e4hrend der Abschlussveranstaltung des Fachbereichs Rechtswissenschaft an der Freien Universit\u00e4t Berlin, in der ein Student wegen seines Protests gegen die Anwesenheit von farbentragenden Burschenschaftlern des Saals verwiesen wurde, m\u00f6chten wir, die FSI*OSI, uns gemeinsam mit euch stark machen gegen Studentenverbindungen und Burschenschaften an unserer Uni. Jede und jeder ist dazu aufgefordert, derlei Gruppierungen keine \u00f6ffentliche Plattform zu geben, um sie vom universit\u00e4ren Alltag am Fachbereich fern zu halten.<\/p>\n<p>Wir laden euch dazu herzlich ein:<\/p>\n<p>am <strong>Dienstag<\/strong> (ja ausnahmweise Dienstag!!!), <strong>den 29.01. um 21:00 Uhr <\/strong><br \/>\nzu unserem allmonatlichen Tresen ins <strong>Bandito Rosso<\/strong> (Lottumstra\u00dfe 10a)<\/p>\n<p>Es wird einen Vortrag des antifaschistischen pressearchivs und bildungszentrums berlin (apabiz) geben. Anschlie\u00dfend bleibt ausreichend Zeit zur Diskussion. F\u00fcr Bier und andere Getr\u00e4nke ist ebenfalls gesorgt.<\/p>\n<p>Wir freuen uns auf euer zahlreiches erscheinen!<\/p>\n","protected":false},"excerpt":{"rendered":"<p>Wir dulden keine rassistischen, nationalistischen und patriarchalischen Weltanschauungen an unserer Uni. Gerade aufgrund des j\u00fcngsten Vorfalls w\u00e4hrend der Abschlussveranstaltung des Fachbereichs Rechtswissenschaft an der Freien Universit\u00e4t Berlin, in der ein Student wegen seines Protests gegen die Anwesenheit von farbentragenden Burschenschaftlern des Saals verwiesen wurde, m\u00f6chten wir, die FSI*OSI, uns gemeinsam mit euch stark machen gegen &hellip; <a href=\"https:\/\/userblogs.fu-berlin.de\/fsi_osi\/2013\/01\/26\/vortrag-und-diskussion-zum-thema-burschenschaften-2\/\" class=\"more-link\"><span class=\"screen-reader-text\">\u201eVortrag und Diskussion zum Thema Burschenschaften\u201c<\/span> weiterlesen<\/a><\/p>\n","protected":false},"author":6075,"featured_media":0,"comment_status":"open","ping_status":"open","sticky":false,"template":"","format":"standard","meta":{"footnotes":""},"categories":[91,463640],"tags":[],"class_list":["post-219","post","type-post","status-publish","format-standard","hentry","category-allgemein","category-ankuendigungen"],"_links":{"self":[{"href":"https:\/\/userblogs.fu-berlin.de\/fsi_osi\/wp-json\/wp\/v2\/posts\/219","targetHints":{"allow":["GET"]}}],"collection":[{"href":"https:\/\/userblogs.fu-berlin.de\/fsi_osi\/wp-json\/wp\/v2\/posts"}],"about":[{"href":"https:\/\/userblogs.fu-berlin.de\/fsi_osi\/wp-json\/wp\/v2\/types\/post"}],"author":[{"embeddable":true,"href":"https:\/\/userblogs.fu-berlin.de\/fsi_osi\/wp-json\/wp\/v2\/users\/6075"}],"replies":[{"embeddable":true,"href":"https:\/\/userblogs.fu-berlin.de\/fsi_osi\/wp-json\/wp\/v2\/comments?post=219"}],"version-history":[{"count":0,"href":"https:\/\/userblogs.fu-berlin.de\/fsi_osi\/wp-json\/wp\/v2\/posts\/219\/revisions"}],"wp:attachment":[{"href":"https:\/\/userblogs.fu-berlin.de\/fsi_osi\/wp-json\/wp\/v2\/media?parent=219"}],"wp:term":[{"taxonomy":"category","embeddable":true,"href":"https:\/\/userblogs.fu-berlin.de\/fsi_osi\/wp-json\/wp\/v2\/categories?post=219"},{"taxonomy":"post_tag","embeddable":true,"href":"https:\/\/userblogs.fu-berlin.de\/fsi_osi\/wp-json\/wp\/v2\/tags?post=219"}],"curies":[{"name":"wp","href":"https:\/\/api.w.org\/{rel}","templated":true}]}}