{"id":231,"date":"2013-05-04T13:40:38","date_gmt":"2013-05-04T12:40:38","guid":{"rendered":"http:\/\/fsiosi.blogsport.de\/2013\/05\/04\/bericht-zur-konstituierenden-sitzung-des-institutsrats\/"},"modified":"2013-05-04T13:40:38","modified_gmt":"2013-05-04T12:40:38","slug":"bericht-zur-konstituierenden-sitzung-des-institutsrats","status":"publish","type":"post","link":"https:\/\/userblogs.fu-berlin.de\/fsi_osi\/2013\/05\/04\/bericht-zur-konstituierenden-sitzung-des-institutsrats\/","title":{"rendered":"Bericht zur konstituierenden Sitzung des Institutsrats"},"content":{"rendered":"<p>Alles Neue macht die Wahl \u2013 Neue studentische Vertretung und neue Professr_innen im I-Rat<\/p>\n<p>Am Morgen des 24.04, um unchristliche 9 Uhr, konstituierte sich der Institutsrat des OSIs zu einer neuen 2 j\u00e4hrigen Periode. Neben vielen bekannten Vertreter_innen-Gesichtern und einigen Neulingen unter den Professor_innen, fanden sich auch 2 neue Studierenden Vertreter_innen in der Ihnestra\u00dfe 22 ein. Wir wollen diesen Raum kurz nutzen, um uns vorzustellen.<\/p>\n<p>Wir, das sind Julia und Philipp von der FSI*OSI, die auch in dieser Wahlperiode wieder beide studentischen Sitze im I-Rat erobert hat. Julia studiert im zweiten Semester Master- Politikwissenschaft und Philipp ist im vierten Semester BA-Politik. Wir wollen mit unserer Politik an die Tradition unser Vorg\u00e4nger (an dieser Stelle ein fettes Dankesch\u00f6n an Tim und Etienne!) und der FSI*OSI ankn\u00fcpfen und uns nach Kr\u00e4ften f\u00fcr kritische und emanzipatorische Lehre und Gestaltung des Otto-Suhr-Instituts und dar\u00fcber hinaus an der gesamten Universit\u00e4t einsetzen.<\/p>\n<p>Transparenz und eine kritische Begleitung unserer Arbeit sind uns sehr wichtig, deshalb werden wir weiterhin regem\u00e4\u00dfig aus dem I-Rat berichten und w\u00fcrden uns \u00fcber Anmerkungen, Meinungen und Fragen eurerseits freuen! Sagt uns, wenn euch was nicht passt oder ihr anderer Meinung seid als wir, wir setzen uns gerne mit euch auseinander und erl\u00e4utern unsere Standpunkte. Am besten erreicht ihr uns \u00fcber unsere E-Mail Adresse (fsiosi@web.de), unsere neue Facebook Seite LINK oder ihr kommt zu unseren Plena oder Tresen (weitere Informationen findet ihr auf unserem Blog: www.fsiosi.blogsport.de).<\/p>\n<p>Besetzung der Gremien<\/p>\n<p>Wie auf jeder konstituierenden Sitzung des I-Rat musste zun\u00e4chst einmal eine gesch\u00e4ftsf\u00fchrende Direktor_in (GD) gew\u00e4hlt werden. Im Voraus hatte sich niemand von den Professor_innen wirklich darum bem\u00fcht, diesen Posten zu besetzen und so fiel die Wahl auf die alte und nun auch neue Direktor_in Tanja B\u00f6rzel, die bei 13 abgegebenen Stimmen, ein Votum von  11x Ja und 2x Nein erhielt. Direkt danach wurde dann auch Susanne L\u00fctz als stellvertretende Vorsitzende best\u00e4tigt, wiederrum bei 11 Ja und 2 Nein Stimmen. Aus unserer Sicht ist es sehr schade, dass es im Voraus keinerlei Bestrebungen der restlichen, au\u00dfer-famili\u00e4ren Professor_innenschaft gab, sich f\u00fcr diesen Posten zu bewerben. Der_die GD hat eine nicht zu untersch\u00e4tzende Rolle und kann den Posten durchaus auch zur Durchsetzung von politischen und\/oder Eigeninteressen nutzen. Wir werden versuchen, diesen Einfluss so gut es geht zu minimieren!<\/p>\n<p>Beim n\u00e4chsten Punkt wurde bekannt gegeben, dass es bei Aufteilung der Seminare in Bachelor und Master-Seminare, welche vom n\u00e4chsten Semester an strikt getrennt werden sollen (auf Weisung des Berliner Hochschul-Gesetzes), zu Problemen gekommen ist. Wir lehnen diese Aufteilung ab, da sie das Lehrangebot f\u00fcr beide Studieng\u00e4nge erheblich einschr\u00e4nken wird und uns verwundert es nicht, dass eine klare Abgrenzung der Seminar-Inhalte mit Problemen verbunden ist. Die Einsicht von professoraler Seite, dass dies kompletter Unfug sei, fehlt jedoch bisher.<\/p>\n<p>Ein weiterer Punkt auf der Tagesordnung war der von Frau von Oppeln vorgestellte (sich noch in der Planung befindende) Doppel-Bachelor Studiengang der in Kooperation zwischen dem OSI und der SciencesPo entsteht. Was sich zun\u00e4chst als eine tolle M\u00f6glichkeit f\u00fcr Studis darstellt, die gerne sowohl in Frankreich als auch in Deutschland studieren wollen, stellt sich schnell als ein weiterer der Elitestudieng\u00e4nge heraus. Ganz im Denken einer Eliteuniversit\u00e4t. Gerade einmal 20 Studierende sollen insgesamt aus Frankreich und Deutschland zugelassen werden (nat\u00fcrlich hier das Kapazit\u00e4tsargument im Vordergrund) &#8211; \u00fcber Auswahlkriterien die noch unklar sind. F\u00fcr Wahlfreiheit bleibt in dem 4 j\u00e4hrigen Bachelor kaum Platz, da er all die Basics sowohl des franz\u00f6sischen SciencesPo Models als auch des OSI PoWi Bachelors fassen soll. Es gibt zu denken, dass di ersten beiden Studienjahre auf dem SciencesPo Nancy Campus absolviert werden sollen. Hier lernen die Studis an der prestigetr\u00e4chtigen franz\u00f6sischen Kaderschmiede vor allem wie man sich effizient Wissen aneignen und dieses in den gew\u00fcnschten Portionen wieder ausspucken kann, zudem eine ordentliche Portion Autorit\u00e4tsh\u00f6rigkeit. Dass das mit dem Studienverst\u00e4ndis von Gesellschaftswissenschaft und Politikwissenschaft am OSI (zumindest so wie wir es verstehen) nicht zusammengeht ist offensichtlich. Es bleibt zu hoffen, dass die Studis aus dem Doppel-BA dann hier vielleicht noch eine andere Sicht auf wissenschaftliches Arbeiten und kritisches Denken und Forschen bekommen \u2013 zumindest gesetzten Falles dass es zu diesem Zeitpunkt dann \u00fcberhaupt noch kritisches Lehrangebot am OSI zum W\u00e4hlen gibt. Dass der Doppel-BA kommt scheint eh schon festzustehen, da geht es nun um Feinschliff und f\u00fcr uns darum die Auswahlkriterien m\u00f6glichst weich und die Wahlfreiheiten m\u00f6glichst vielf\u00e4ltig zu verankern.<\/p>\n<p>Desweiteren wurde von uns ein Vorfall, der mit der Vergabe von Geldern des OSIs  an studentische Projekte zusammenh\u00e4ngt, angesprochen. Ein (wenn auch kleiner) Skandal. Einer Gruppe, der zuvor die Gelder bewilligt wurden, wurde das Geld nachtr\u00e4glich wieder entzogen, da nachtr\u00e4glich (!) festgestellt wurde, dass es sich um einen Verein handelt und eine finanzielle Unterst\u00fctzung eines Vereins ist laut Satzung des OSIs nicht zul\u00e4ssig (was aber nicht vorher kommuniziert wurde). Wir haben hier eine schriftliche Begr\u00fcndung gefordert, um Entzug der Gelder n\u00e4her zu pr\u00fcfen und das Verfahren zu problematisieren. Wir wollen f\u00fcr die zuk\u00fcnftige Vergabepraxis den Appel aussprechen, im Voraus gut zu pr\u00fcfen, ob eine Geldvergabe rechtm\u00e4\u00dfig ist, da ein nachtr\u00e4glicher Entzug der Gelder f\u00fcr viele kleinere studentische Projekte nicht tragbar ist und diese damit zum Scheitern verurteilt sind. F\u00fcr die Zukunft gilt also auch f\u00fcr die Antragsstellenden, dass sie nur ein Anrecht auf eine finanzielle Unterst\u00fctzung des OSIs haben, wenn sie sich nicht als Verein auf die Projektmittel bewerben.<\/p>\n<p>Zus\u00e4tzlich wurde bekanntgeben, dass die neue BRD-Professorin Sabine Kropp ihre Berufung angenommen hat und zum WS 2013\/2014 den Bereich vertreten wird.<\/p>\n<p>Auch der  Pr\u00fcfungsausschuss ist neu besetzt worden. Hier geht es um die Anerkennung von Pr\u00fcfungen, anderen Leistungen, Ausnahmeregelungen und zum Teil auch Plagiatsvorf\u00e4llen. Hier ist es wichtig, eine stu\u00addie\u00adren\u00adden\u00adfreund\u00adli\u00adche An\u00ader\u00adken\u00adnungs\u00adpra\u00adxis zu ver\u00adtre\u00adten und die Spiel\u00adr\u00e4u\u00adme in\u00adner\u00adhalb der engen Ba\u00adche\u00adlor\/Master-Mo\u00addul\u00adstruk\u00adtur wei\u00adtest\u00adm\u00f6g\u00adlich aus\u00adzu\u00addeh\u00adnen. Paul K\u00fchn und Janine Woltaire werden hier von studentischer Seite aus, in der neuen Legislaturperiode vertreten sein.<\/p>\n<p>Die Ausbildungskommission (ABK) wurde von studentischer Seite noch nicht vollst\u00e4ndig besetzt, dies wird aber bei der n\u00e4chsten I-Rats Sitzung passieren. Hier ist es wichtig, ein breites und kritisches Angebot an Seminaren zu sichern und studienunfreundliche oder rechts-konservative Angebote zu blockieren.<\/p>\n<p>Gremien, Gremien, Gremien<\/p>\n<p>Die Besetzung der Gremien ist immer wieder ein gro\u00dfer Spa\u00df am OSI, die Profs schieben sich die P\u00f6stchen hin und her, und niemand scheint wirklich Lust auf die Gemeinarbeit  zu haben. Umso mehr ist es wichtig, dass wir eine gute studentische Vertretung haben, die unsere Interessen auch gegen eine wenig lustvolle Professor_innenschaft vertritt.<\/p>\n<p>Wenn ihr Interesse an Gremienarbeit habt, etwa auch bei der Berufung von neuen Professuren, in der ABK oder \u00e4hnlichem, dann meldet euch bei uns!<\/p>\n","protected":false},"excerpt":{"rendered":"<p>Alles Neue macht die Wahl \u2013 Neue studentische Vertretung und neue Professr_innen im I-Rat Am Morgen des 24.04, um unchristliche 9 Uhr, konstituierte sich der Institutsrat des OSIs zu einer neuen 2 j\u00e4hrigen Periode. Neben vielen bekannten Vertreter_innen-Gesichtern und einigen Neulingen unter den Professor_innen, fanden sich auch 2 neue Studierenden Vertreter_innen in der Ihnestra\u00dfe 22 &hellip; <a href=\"https:\/\/userblogs.fu-berlin.de\/fsi_osi\/2013\/05\/04\/bericht-zur-konstituierenden-sitzung-des-institutsrats\/\" class=\"more-link\"><span class=\"screen-reader-text\">\u201eBericht zur konstituierenden Sitzung des Institutsrats\u201c<\/span> weiterlesen<\/a><\/p>\n","protected":false},"author":6075,"featured_media":0,"comment_status":"open","ping_status":"open","sticky":false,"template":"","format":"standard","meta":{"footnotes":""},"categories":[91],"tags":[],"class_list":["post-231","post","type-post","status-publish","format-standard","hentry","category-allgemein"],"_links":{"self":[{"href":"https:\/\/userblogs.fu-berlin.de\/fsi_osi\/wp-json\/wp\/v2\/posts\/231","targetHints":{"allow":["GET"]}}],"collection":[{"href":"https:\/\/userblogs.fu-berlin.de\/fsi_osi\/wp-json\/wp\/v2\/posts"}],"about":[{"href":"https:\/\/userblogs.fu-berlin.de\/fsi_osi\/wp-json\/wp\/v2\/types\/post"}],"author":[{"embeddable":true,"href":"https:\/\/userblogs.fu-berlin.de\/fsi_osi\/wp-json\/wp\/v2\/users\/6075"}],"replies":[{"embeddable":true,"href":"https:\/\/userblogs.fu-berlin.de\/fsi_osi\/wp-json\/wp\/v2\/comments?post=231"}],"version-history":[{"count":0,"href":"https:\/\/userblogs.fu-berlin.de\/fsi_osi\/wp-json\/wp\/v2\/posts\/231\/revisions"}],"wp:attachment":[{"href":"https:\/\/userblogs.fu-berlin.de\/fsi_osi\/wp-json\/wp\/v2\/media?parent=231"}],"wp:term":[{"taxonomy":"category","embeddable":true,"href":"https:\/\/userblogs.fu-berlin.de\/fsi_osi\/wp-json\/wp\/v2\/categories?post=231"},{"taxonomy":"post_tag","embeddable":true,"href":"https:\/\/userblogs.fu-berlin.de\/fsi_osi\/wp-json\/wp\/v2\/tags?post=231"}],"curies":[{"name":"wp","href":"https:\/\/api.w.org\/{rel}","templated":true}]}}