{"id":237,"date":"2013-06-13T07:51:09","date_gmt":"2013-06-13T06:51:09","guid":{"rendered":"http:\/\/fsiosi.blogsport.de\/?p=237"},"modified":"2013-06-13T07:51:09","modified_gmt":"2013-06-13T06:51:09","slug":"thementage-zu-gender-und-vielfalt-der-lehre-vom-17-18-06-2013","status":"publish","type":"post","link":"https:\/\/userblogs.fu-berlin.de\/fsi_osi\/2013\/06\/13\/thementage-zu-gender-und-vielfalt-der-lehre-vom-17-18-06-2013\/","title":{"rendered":"Thementage zu Gender und Vielfalt der Lehre vom 17.-18.06.2013"},"content":{"rendered":"<p>Liebe Alle,<\/p>\n<p>Weniger Lehrauftr\u00e4ge, Umwidmungsbestrebungen bei der Rechtliche Grundlagen und Gender-Professur, Schmalspurstudium durch die Dominanz des SFB-700. Das Studieren nach der eigenen Fasson, abseits der ausgetretenen Pfade wird am OSI immer schwieriger. Enge ist die neue Vielfalt!<\/p>\n<p>Aber die FSI*OSI will die Vielfalt der Lehre am OSI erhalten und ausbauen!<br \/>\nDie Thementage zu Gender und Vielfalt der Lehre bieten ein abwechslungsreiches Angebot an Veranstaltungen, um auf die vielen vakanten Lehrbereiche aufmerksam zu machen.<\/p>\n<p>Programm:<\/p>\n<p>\/ \/ M O N T A G 1 7 . 0 6 . 1 3 \/ \/<\/p>\n<p>1 4 \u2013 1 6 h : Geschichte der Genderlehre am OSI und in der BRD<br \/>\n                     Inga N\u00fcthen, Moritz Konradi, Alexandra Scheele \/\/ Ihne22 G + Ihne22 UG5<br \/>\n1 6 \u2013 1 8 h : Queer Theory und Affekt<br \/>\n                   Brigitte Bargetz \/\/ Ihne22 UG5<br \/>\n1 6 \u2013 1 8 h : Geschlechtskontruktionen im Rechtsextremismus<br \/>\n                    Karin Heisecke \/\/ Ihne22 G<br \/>\n1 8 \u2013 2 0 h : Chancen und Potenziale von Gender-Forschung in der Politikwissenschaft<br \/>\n                    Brigitte Kerchner, Brigitte Bargetz, Anja Rozwandowicz \/\/ Ihne21 B<\/p>\n<p>\/ \/ D I E N S T A G 1 8 . 0 6 . 1 3 \/ \/<\/p>\n<p>1 0 \u2013 1 2 h : Wer Macht Wissen? Wei\u00dfsein in universit\u00e4ren Lernr\u00e4umen<br \/>\n                     Lotta Schwedler, Sanchita Basu \/\/ Ihne22 G<br \/>\n1 2 \u2013 1 4 h : Keine Zeit f\u00fcr Frieden: Perspektiven nach dem Scheitern der Zivilklausel im Fachbereichsrat<br \/>\n                     Arbeitskreis Zivilklausel \/\/ Ihne22 UG5<br \/>\n1 2 \u2013 1 4 h : Kritik der europ\u00e4ischen Fl\u00fcchtlingspolitik aus der Perspektive normativer politischer Theorie<br \/>\n                     Jan Brezger \/\/ Ihne22 UG2<br \/>\n1 4 \u2013 1 6 h : Zwischen OSI-Tradition und Extremismustheorie \u2013 die Rechtsextremismusforschung<br \/>\n                     Carsten Koschmieder \/\/ Ihne22 G<br \/>\n1 6 \u2013 1 8 h : Perspektiven der Regionalstudien Afrika<br \/>\n                     Salua Nour \/\/ Ihne22 UG5<br \/>\n1 8 \u2013 2 0 h : Rassismen in der Wissenproduktion und dekoloniale Ans\u00e4tze in den Sozialwissenschaften<br \/>\n                    Koray Yilmaz-G\u00fcnay, Natasha Kelly, Joshua Kwesi Aikins \/\/ Ihne21 A\t<\/p>\n","protected":false},"excerpt":{"rendered":"<p>Liebe Alle, Weniger Lehrauftr\u00e4ge, Umwidmungsbestrebungen bei der Rechtliche Grundlagen und Gender-Professur, Schmalspurstudium durch die Dominanz des SFB-700. Das Studieren nach der eigenen Fasson, abseits der ausgetretenen Pfade wird am OSI immer schwieriger. Enge ist die neue Vielfalt! Aber die FSI*OSI will die Vielfalt der Lehre am OSI erhalten und ausbauen! Die Thementage zu Gender und &hellip; <a href=\"https:\/\/userblogs.fu-berlin.de\/fsi_osi\/2013\/06\/13\/thementage-zu-gender-und-vielfalt-der-lehre-vom-17-18-06-2013\/\" class=\"more-link\"><span class=\"screen-reader-text\">\u201eThementage zu Gender und Vielfalt der Lehre vom 17.-18.06.2013\u201c<\/span> weiterlesen<\/a><\/p>\n","protected":false},"author":6075,"featured_media":0,"comment_status":"open","ping_status":"open","sticky":false,"template":"","format":"standard","meta":{"footnotes":""},"categories":[91],"tags":[],"class_list":["post-237","post","type-post","status-publish","format-standard","hentry","category-allgemein"],"_links":{"self":[{"href":"https:\/\/userblogs.fu-berlin.de\/fsi_osi\/wp-json\/wp\/v2\/posts\/237","targetHints":{"allow":["GET"]}}],"collection":[{"href":"https:\/\/userblogs.fu-berlin.de\/fsi_osi\/wp-json\/wp\/v2\/posts"}],"about":[{"href":"https:\/\/userblogs.fu-berlin.de\/fsi_osi\/wp-json\/wp\/v2\/types\/post"}],"author":[{"embeddable":true,"href":"https:\/\/userblogs.fu-berlin.de\/fsi_osi\/wp-json\/wp\/v2\/users\/6075"}],"replies":[{"embeddable":true,"href":"https:\/\/userblogs.fu-berlin.de\/fsi_osi\/wp-json\/wp\/v2\/comments?post=237"}],"version-history":[{"count":0,"href":"https:\/\/userblogs.fu-berlin.de\/fsi_osi\/wp-json\/wp\/v2\/posts\/237\/revisions"}],"wp:attachment":[{"href":"https:\/\/userblogs.fu-berlin.de\/fsi_osi\/wp-json\/wp\/v2\/media?parent=237"}],"wp:term":[{"taxonomy":"category","embeddable":true,"href":"https:\/\/userblogs.fu-berlin.de\/fsi_osi\/wp-json\/wp\/v2\/categories?post=237"},{"taxonomy":"post_tag","embeddable":true,"href":"https:\/\/userblogs.fu-berlin.de\/fsi_osi\/wp-json\/wp\/v2\/tags?post=237"}],"curies":[{"name":"wp","href":"https:\/\/api.w.org\/{rel}","templated":true}]}}