{"id":244,"date":"2013-08-28T09:01:43","date_gmt":"2013-08-28T08:01:43","guid":{"rendered":"http:\/\/fsiosi.blogsport.de\/2013\/08\/28\/fbr-bericht-vom-17-juli-2013\/"},"modified":"2013-08-28T09:01:43","modified_gmt":"2013-08-28T08:01:43","slug":"fbr-bericht-vom-17-juli-2013","status":"publish","type":"post","link":"https:\/\/userblogs.fu-berlin.de\/fsi_osi\/2013\/08\/28\/fbr-bericht-vom-17-juli-2013\/","title":{"rendered":"FBR-Bericht vom 17.07.2013"},"content":{"rendered":"<p><strong>Der Kampf geht weiter!<br \/>\n<\/strong><br \/>\nEs h\u00e4tte eine schnelle Sitzung werden k\u00f6nnen. Lediglich 6 \u00f6ffentliche Punkte standen auf der Tagesordnung und dann dauerte doch wieder alles \u00fcber zwei Stunden. Statt eines vers\u00f6hnlichen Abschlusses kam es in der letzten Sitzung des Fachbereichsrat f\u00fcr das Semester noch einmal zu heftigen Auseinandersetzungen.<br \/>\n<!--more--><br \/>\nZun\u00e4chst einvernehmlich wurde das Protokoll der letzten Sitzung, sowie die Nachbenennung eines studentischen Mitglieds f\u00fcr die Berufungskommission der W2-Professur f\u00fcr Sozialkunde und Politikdidaktik beschlossen.<\/p>\n<p>Dies war jedoch auch bereits das Ende der Eintracht. Es folgte das Kampfthema der letzten Wochen und Monate, die Ausschreibung f\u00fcr die Nachfolge der Mengelprofessur und damit die Entscheidung \u00fcber die Zukunft der institutionalisierten Genderlehre- und forschung an unserem Institut. W\u00e4hnte sich Prof. B\u00f6rzel nach dem im Institutsrat, durch \u00fcberm\u00e4\u00dfigen Druck von allen Seiten auf die studentischen VertreterInnen, erzeugten Kompromiss zun\u00e4chst in Sicherheit, schlief ihr beinahe das Gesicht ein, als eben dieser Kompromiss von uns aufgek\u00fcndigt wurde. Zudem k\u00fcndete auch die Vertretung f\u00fcr die zentrale Frauenbeauftragte an den Ausschreibungstext Konstitution Politischer Ordnung und Vielfalt, also eine Ausschreibung ohne Gender in der Denomination und mit dem Begriff Vielfalt statt Diversity nicht mitzutragen und dagegen mit allen m\u00f6glichen Kr\u00e4ften vorzugehen.<\/p>\n<p>Es folgte ein intensiver Austausch der in den letzten Monaten vielfach wiederholten Argumente, bei welchem institutsfremde FBR-Mitglieder durchaus Verst\u00e4ndnis zeigten f\u00fcr unsere Position. Da jede Diskussion jedoch auch mal ein Ende finden muss, kam es zur Abstimmung bei welcher 8 Menschen mit ja und 3 mit nein stimmten, bei 5 Enthaltung. Also alles andere als ein klares Votum f\u00fcr die vorliegende Ausschreibung.<\/p>\n<p>Im Anschluss an die Sitzung legte jedoch die zentrale Frauenbeauftragte, wie angek\u00fcndigt ihr Veto ein, so dass die endg\u00fcltige Entscheidung ins n\u00e4chste Semester vertagt wurde.<\/p>\n<p>So endete die letzte FBR-Sitzung f\u00fcr das Sommersemester 2013 mit vielen offenen Fragen.<\/p>\n<p>Doch eins ist sicher: Der Kampf um die Genderprofessur geht weiter! Schlie\u00dflich gilt: Totgesagte leben l\u00e4nger.  <\/p>\n","protected":false},"excerpt":{"rendered":"<p>Der Kampf geht weiter! Es h\u00e4tte eine schnelle Sitzung werden k\u00f6nnen. Lediglich 6 \u00f6ffentliche Punkte standen auf der Tagesordnung und dann dauerte doch wieder alles \u00fcber zwei Stunden. Statt eines vers\u00f6hnlichen Abschlusses kam es in der letzten Sitzung des Fachbereichsrat f\u00fcr das Semester noch einmal zu heftigen Auseinandersetzungen.<\/p>\n","protected":false},"author":6075,"featured_media":0,"comment_status":"open","ping_status":"open","sticky":false,"template":"","format":"standard","meta":{"footnotes":""},"categories":[91,464963,464170,463967,463349],"tags":[],"class_list":["post-244","post","type-post","status-publish","format-standard","hentry","category-allgemein","category-fachbereichsrat-fbr","category-gremienarbeit","category-hochschulpolitik","category-osi"],"_links":{"self":[{"href":"https:\/\/userblogs.fu-berlin.de\/fsi_osi\/wp-json\/wp\/v2\/posts\/244","targetHints":{"allow":["GET"]}}],"collection":[{"href":"https:\/\/userblogs.fu-berlin.de\/fsi_osi\/wp-json\/wp\/v2\/posts"}],"about":[{"href":"https:\/\/userblogs.fu-berlin.de\/fsi_osi\/wp-json\/wp\/v2\/types\/post"}],"author":[{"embeddable":true,"href":"https:\/\/userblogs.fu-berlin.de\/fsi_osi\/wp-json\/wp\/v2\/users\/6075"}],"replies":[{"embeddable":true,"href":"https:\/\/userblogs.fu-berlin.de\/fsi_osi\/wp-json\/wp\/v2\/comments?post=244"}],"version-history":[{"count":0,"href":"https:\/\/userblogs.fu-berlin.de\/fsi_osi\/wp-json\/wp\/v2\/posts\/244\/revisions"}],"wp:attachment":[{"href":"https:\/\/userblogs.fu-berlin.de\/fsi_osi\/wp-json\/wp\/v2\/media?parent=244"}],"wp:term":[{"taxonomy":"category","embeddable":true,"href":"https:\/\/userblogs.fu-berlin.de\/fsi_osi\/wp-json\/wp\/v2\/categories?post=244"},{"taxonomy":"post_tag","embeddable":true,"href":"https:\/\/userblogs.fu-berlin.de\/fsi_osi\/wp-json\/wp\/v2\/tags?post=244"}],"curies":[{"name":"wp","href":"https:\/\/api.w.org\/{rel}","templated":true}]}}