{"id":264,"date":"2014-01-21T19:37:53","date_gmt":"2014-01-21T18:37:53","guid":{"rendered":"http:\/\/fsiosi.blogsport.de\/2014\/01\/21\/institutsrat-vom-15-1-alles-oder-nichts-2\/"},"modified":"2014-01-21T19:37:53","modified_gmt":"2014-01-21T18:37:53","slug":"institutsrat-vom-15-1-alles-oder-nichts-2","status":"publish","type":"post","link":"https:\/\/userblogs.fu-berlin.de\/fsi_osi\/2014\/01\/21\/institutsrat-vom-15-1-alles-oder-nichts-2\/","title":{"rendered":"Institutsrat vom 15.01.2014:  Alles oder nichts!"},"content":{"rendered":"<p>Urspr\u00fcnglich war diese Sitzung eigens zur <strong>Verabschiedung des Lehrangebots f\u00fcr das Sommersemester 2014<\/strong> einberufen worden. Da nebenbei jedoch auch noch \u00fcber <strong>zwei  aus Mitteln der Exzellenzinitiative finanzierte Nachwuchsgruppen<\/strong> inklusive jeweils einer Juniorprofessur und zwei wissenschaftlichen Mitarbeitern abgestimmt werden sollte, musste eben alles etwas schneller gehen.<br \/>\n<!--more--><br \/>\nJedes Jahr k\u00f6nnen FU-weit <strong>10 Juniorprofessuren aus Mitteln der Exzellenzinitiative<\/strong> gef\u00f6rdert werden. Im externen Begutachtungsverfahren wurden vom OSI gleich zwei eingereichte Antr\u00e4ge genehmigt, wohingegen andere Antr\u00e4ge aus dem Fachbereich abgelehnt wurden.<br \/>\nDa die Ausschreibung der Stellen aus den eingereichten Antr\u00e4gen hervorgehen soll, bleibt dem <strong>Institutsrat in diesem Fall keine Einflussnahme auf den Ausschreibungstext<\/strong>. Stimmt das Institut \u2013 und noch viel wichtiger der Fachbereich \u2013 den Antr\u00e4gen zu, werden die Stellen genauso ausgeschrieben, wie in den in diesem Fall von Prof. Thomas Risse in Zusammenarbeit mit Prof. Michael Z\u00fcrn und Prof. Sven Chojnacki gestellten Antr\u00e4gen vorgesehen. Wird dagegen gestimmt, gibt es eben keine Professuren und die Gelder verfallen. <\/p>\n<p>Die<strong> \u201eJuniorprofessur f\u00fcr Politikwissenschaft und Internationale Beziehungen\u201c<\/strong> , die eine Kooperation des OSIs mit dem Wissenschaftszentrum Berlin f\u00fcr Sozialforschung darstellt und an beiden Institutionen angesiedelt sein soll, wurde von Prof. Z\u00fcrn, Direktor der Abteilung \u201cGlobal Governance\u201d am WZB und Professor f\u00fcr Internationale Beziehungen an der FU Berlin, pr\u00e4sentiert. Aufgabe der Juniorprofessur soll neben dem regul\u00e4ren 4-st\u00fcndigen Lehrdeputat die Leitung einer ebenfalls aus Exzellenzmitteln finanzierten Nachwuchsgruppe zum Thema \u201ePolitical and Discursive Actorhood of International Organizations\u201c sein. Laut Ausschreibungstext ist aber auch die Mitarbeit in Forschungsverb\u00fcnden wie dem Center for Area Studies der FU, dem SFB 700 und der Kolleg-Forschergruppe \u201eTransformative Power of Europe\u201c vorgesehen.<br \/>\nMehrmals betont wurde, dass es  sich bei beiden Professuren um offene Ausschreibungen handle, obwohl im Rahmen des Antrags bereits jeweils drei Namen h\u00e4tten genannt werden m\u00fcssen, die rein theoretisch in Frage k\u00e4men &#8211; Eine Verfahrensvorgabe der Exzellenzinitiative, die doch etwas widerspr\u00fcchlich daherkommt. <\/p>\n<p>Prof. Chojnacki stellte daraufhin die <strong>\u201eJuniorprofessur f\u00fcr empirische Konfliktforschung mit Schwerpunk Subsahara-Afrika\u201c<\/strong> vor, zu deren Aufgaben laut Ausschreibung neben dem Lehrdeputat unter anderem die Leitung einer \u201eDahlem International Network Junior Research Group: Globaler Wandel \u2013 lokale Konflikte in Subsahara Afrika\u201c geh\u00f6ren soll. Der Schwerpunkt liegt laut Chohjnacki bei dieser Professur auf den Auswirkungen internationaler Entwicklungen auf lokale Prozesse, wie zum Beispiel dem Zusammenhang zwischen wachsenden multinationalen Konzernen und dem Ph\u00e4nomen des \u201eLandgrabbing\u201c. <\/p>\n<p>Sowohl bei der <strong>Abstimmung \u00fcber beide Ausschreibungen als auch der Besetzung der Berufungskommissionen <\/strong>gab es jeweils 10 JA-Stimmen und 2 Enthaltungen der Studierendenvertreterinnen. Timo Pongrac merkte noch an, dass sich die Gruppe der Wissenschaftlichen Mitarbeiter gew\u00fcnscht h\u00e4tte, bei der Besetzung der Berufungskommission f\u00fcr die IB-Juniorprofessur, mit der sie an sich einverstanden seien, deutlicher mit h\u00e4tte einbezogen zu werden. Julia Scheurer gab au\u00dferdem noch eine Erkl\u00e4rung zu unserem Abstimmungsverhalten. Obwohl zus\u00e4tzliche Lehre aus Studierendensicht nat\u00fcrlich zu begr\u00fc\u00dfen ist sei, k\u00f6nnen wir uns mit dem Verfahren der Exzellenzinitiative, das uns noch weniger Mitspracherechte einr\u00e4umt, nicht einverstanden geben. Nachdem der Institutsrat abgestimmt hat, wird nun am 29.1. im FBR \u00fcber die Juniorprofessuren entschieden. <\/p>\n<p>Der zweite Teil der Sitzung widmete sich der<strong> Lehrplanung f\u00fcr das kommende Sommersemester<\/strong>. Bedarf und Angebot an Lehrveranstaltungen waren hier weitestgehend deckungsgleich.<br \/>\nZum Diskussionspunkt wurde die IB-Vorlesung  von Prof. Klaus Segbers, die bisher als dreist\u00fcndiger Kurs angeboten wurde, obwohl in der Studienordnung nur als zweist\u00fcndig vorgesehen. Cosima Glahn, wissenschaftliche Mitarbeiterin von Prof. Klaus Segbers, argumentierte die dritte Stunde des Kurses bestehe aus einer Diskussionsrunde und sei freiwillig. Die Mehrheit der Diskutant*innen sah hierin aber dennoch einen Nachteil f\u00fcr die Studierenden, die wegen anderer Lehrveranstaltungen die dritte Stunde nicht besuchen k\u00f6nnten und somit benachteiligt seien. Schlie\u00dflich wurde der Antrag verabschiedet, den Kurs als zweist\u00fcndige Lehrveranstaltung ins Lehrangebot aufzunehmen.<br \/>\nUnd dann ging auch alles ganz schnell. Von den 35 Lehrauftr\u00e4gen hie\u00df es, seien nur 29 kapazit\u00e4tsrelevant. Von den nicht-kapazit\u00e4tsrelevanten k\u00f6nnten jedoch nicht alle finanziert werden. Einstimmig wurde entschieden, noch zus\u00e4tzlich das Seminar \u201ePolitische Herrschaft in Afrika und die Rolle der externen Akteure am Beispiel der EU und der Weltbank\u201c von Medard Kabanda, zu finanzieren, das das Lehrangebot gut erg\u00e4nze. Erst nach der Abstimmung hie\u00df es, dass dies nun gleichzeitig eine Abstimmung gegen alle anderen zur Debatte stehenden Lehrauftr\u00e4ge sei, was bei einigen auf Protest stie\u00df. Dieser wurde jedoch ignoriert und die Sitzung damit beendet.<\/p>\n","protected":false},"excerpt":{"rendered":"<p>Urspr\u00fcnglich war diese Sitzung eigens zur Verabschiedung des Lehrangebots f\u00fcr das Sommersemester 2014 einberufen worden. Da nebenbei jedoch auch noch \u00fcber zwei aus Mitteln der Exzellenzinitiative finanzierte Nachwuchsgruppen inklusive jeweils einer Juniorprofessur und zwei wissenschaftlichen Mitarbeitern abgestimmt werden sollte, musste eben alles etwas schneller gehen.<\/p>\n","protected":false},"author":6075,"featured_media":0,"comment_status":"open","ping_status":"open","sticky":false,"template":"","format":"standard","meta":{"footnotes":""},"categories":[91,464170,463967,464645,463349],"tags":[],"class_list":["post-264","post","type-post","status-publish","format-standard","hentry","category-allgemein","category-gremienarbeit","category-hochschulpolitik","category-institutsrat-i-rat","category-osi"],"_links":{"self":[{"href":"https:\/\/userblogs.fu-berlin.de\/fsi_osi\/wp-json\/wp\/v2\/posts\/264","targetHints":{"allow":["GET"]}}],"collection":[{"href":"https:\/\/userblogs.fu-berlin.de\/fsi_osi\/wp-json\/wp\/v2\/posts"}],"about":[{"href":"https:\/\/userblogs.fu-berlin.de\/fsi_osi\/wp-json\/wp\/v2\/types\/post"}],"author":[{"embeddable":true,"href":"https:\/\/userblogs.fu-berlin.de\/fsi_osi\/wp-json\/wp\/v2\/users\/6075"}],"replies":[{"embeddable":true,"href":"https:\/\/userblogs.fu-berlin.de\/fsi_osi\/wp-json\/wp\/v2\/comments?post=264"}],"version-history":[{"count":0,"href":"https:\/\/userblogs.fu-berlin.de\/fsi_osi\/wp-json\/wp\/v2\/posts\/264\/revisions"}],"wp:attachment":[{"href":"https:\/\/userblogs.fu-berlin.de\/fsi_osi\/wp-json\/wp\/v2\/media?parent=264"}],"wp:term":[{"taxonomy":"category","embeddable":true,"href":"https:\/\/userblogs.fu-berlin.de\/fsi_osi\/wp-json\/wp\/v2\/categories?post=264"},{"taxonomy":"post_tag","embeddable":true,"href":"https:\/\/userblogs.fu-berlin.de\/fsi_osi\/wp-json\/wp\/v2\/tags?post=264"}],"curies":[{"name":"wp","href":"https:\/\/api.w.org\/{rel}","templated":true}]}}