{"id":27,"date":"2008-06-03T01:36:03","date_gmt":"2008-06-03T00:36:03","guid":{"rendered":"http:\/\/fsiosi.blogsport.de\/?p=27"},"modified":"2008-06-03T01:36:03","modified_gmt":"2008-06-03T00:36:03","slug":"strukturveraenderungen-am-fachbereich-verhindern","status":"publish","type":"post","link":"https:\/\/userblogs.fu-berlin.de\/fsi_osi\/2008\/06\/03\/strukturveraenderungen-am-fachbereich-verhindern\/","title":{"rendered":"Strukturver\u00e4nderungen am Fachbereich verhindern!"},"content":{"rendered":"<p>Wir dokumentieren hier einen Flyer gegen die Strukturver\u00e4nderungen am OSI, die (wieder einmal) zu Lasten des Theorie-Bereichs gehen sollen:<br \/>\n<strong><\/p>\n<h2>\nSCHLUSS MIT DER MAUSCHELEI UM <\/p>\n<p>PROFESSUREN AM OSI!<\/h2>\n<p> <\/strong><\/p>\n<h3>Kommt zur Sitzung des Fachbereichsrats <strong>am Mittwoch, 4.Juni um 9 s.t. in 21\/HS A<\/strong><br \/>\n<strong><br \/>\nVerhindert das Abnicken des Strukturplans!<\/strong> <\/h3>\n<p>\u2192 Am Otto-Suhr-Institut soll ein neuer Strukturplan an den Studierenden vorbei verabschiedet werden. Folge unter anderem: Die Vollprofessur f\u00fcr Politische Ideengeschichte wird abges\u00e4gt.<\/p>\n<p>Der neue Strukturplan spielt zwei Studienbereiche gegeneinander aus: Sven Chojnacki und Christoph Z\u00fcrcher sollen durch W2-Professuren mit den Bezeichnungen \u201eVergleichende Politikwissenschaft und empirische Friedensforschung\u201c bzw. \u201eVergleichende Politikwissenschaft und Sicherheitspolitik\u201c am OSI gehalten werden. Weil nur noch 13 Professuren f\u00fcr das Institut vorgesehen sind, muss an anderer Stelle gespart werden &#8211; unter anderem wird die seit Jahren fest eingeplante Vollprofessur \u201ePolitische Ideengeschichte\u201c zu einer Juniorprofessur degradiert. Wenn diese nach maximal sechs Jahren ausl\u00e4uft, droht das endg\u00fcltige Aus f\u00fcr den Bereich Ideengeschichte.<\/p>\n<p>Es wird jedoch mit der Ideengeschichte nicht nur ein zentraler Studienbereich zu Gunsten einer weiteren St\u00e4rkung des Bereichs \u201eInternationale Beziehungen\u201c vernachl\u00e4ssigt:<\/p>\n<p>Das Vorgehen des Instituts- und Fachbereichsrats im Fall des Strukturplans ist rechtswidrig!<\/p>\n<p>Das \u00fcbliche Verfahren ist, dass erst ein Strukturplan festgelegt wird und die offenen Stellen dann \u00fcber ein \u00f6ffentliches und f\u00fcr alle nachvollziehbares Berufungsverfahren besetzt werden. Beide Gremien haben die Ver\u00e4nderung des Strukturplans zur \u201ePersonalangelegenheit\u201c deklariert und damit die \u00d6ffentlichkeit aus der Diskussion ausgeschlossen.<\/p>\n<p>Au\u00dferdem sollen die beiden neuen Professuren nicht regul\u00e4r ausgeschrieben, sondern direkt an Chojnacki und Z\u00fcrcher vergeben werden. Laut Tanja B\u00f6rzel werden mit beiden Bleibeverhandlungen gef\u00fchrt, die jedoch im Rahmen befristeter Stellen gar nicht zul\u00e4ssig sind. Dieses Vorgehen verst\u00f6\u00dft gegen Art. 33 Abs. 2 des Grundgesetzes, wonach \u00f6ffentliche \u00c4mter jeder und jedem zug\u00e4nglich sein m\u00fcssen.<\/p>\n<p>Auch in anderen Bereichen gibt es Diskussionsbedarf um den Strukturplan, etwa bez\u00fcglich der fehlenden Afrika-Professur und der Koppelung der Bereiche Recht und Gender in einer Professur.<\/p>\n<p>Am 14. Mai konnte die Entscheidung \u00fcber den Plan im Fachbereichsrat noch durch ein studentisches Veto verhindert werden, bei der Sitzung am n\u00e4chsten Mittwoch soll er jedoch best\u00e4tigt werden.<\/p>\n<h3><strong>Deshalb fordern wir:<\/p>\n<p>\u2192 Eine \u00f6ffentliche Diskussion um den Strukturplan am OSI, bevor der Fachbereichsrat dar\u00fcber entscheidet<\/p>\n<p>\u2192 Eine Vollprofessur f\u00fcr den Bereich \u201ePolitische Ideengeschichte\u201c<\/p>\n<p>\u2192 Mehr kritische Forschung und Lehre am OSI \u2013 auch innerhalb der Internationalen Beziehungen<\/strong><\/h3>\n<p>Initiative f\u00fcr die volle Professur der Ideengeschichte am OSI <\/p>\n","protected":false},"excerpt":{"rendered":"<p>Wir dokumentieren hier einen Flyer gegen die Strukturver\u00e4nderungen am OSI, die (wieder einmal) zu Lasten des Theorie-Bereichs gehen sollen: SCHLUSS MIT DER MAUSCHELEI UM PROFESSUREN AM OSI! Kommt zur Sitzung des Fachbereichsrats am Mittwoch, 4.Juni um 9 s.t. in 21\/HS A Verhindert das Abnicken des Strukturplans! \u2192 Am Otto-Suhr-Institut soll ein neuer Strukturplan an den &hellip; <a href=\"https:\/\/userblogs.fu-berlin.de\/fsi_osi\/2008\/06\/03\/strukturveraenderungen-am-fachbereich-verhindern\/\" class=\"more-link\"><span class=\"screen-reader-text\">\u201eStrukturver\u00e4nderungen am Fachbereich verhindern!\u201c<\/span> weiterlesen<\/a><\/p>\n","protected":false},"author":6075,"featured_media":0,"comment_status":"open","ping_status":"open","sticky":false,"template":"","format":"standard","meta":{"footnotes":""},"categories":[463640,464170,463349],"tags":[],"class_list":["post-27","post","type-post","status-publish","format-standard","hentry","category-ankuendigungen","category-gremienarbeit","category-osi"],"_links":{"self":[{"href":"https:\/\/userblogs.fu-berlin.de\/fsi_osi\/wp-json\/wp\/v2\/posts\/27","targetHints":{"allow":["GET"]}}],"collection":[{"href":"https:\/\/userblogs.fu-berlin.de\/fsi_osi\/wp-json\/wp\/v2\/posts"}],"about":[{"href":"https:\/\/userblogs.fu-berlin.de\/fsi_osi\/wp-json\/wp\/v2\/types\/post"}],"author":[{"embeddable":true,"href":"https:\/\/userblogs.fu-berlin.de\/fsi_osi\/wp-json\/wp\/v2\/users\/6075"}],"replies":[{"embeddable":true,"href":"https:\/\/userblogs.fu-berlin.de\/fsi_osi\/wp-json\/wp\/v2\/comments?post=27"}],"version-history":[{"count":0,"href":"https:\/\/userblogs.fu-berlin.de\/fsi_osi\/wp-json\/wp\/v2\/posts\/27\/revisions"}],"wp:attachment":[{"href":"https:\/\/userblogs.fu-berlin.de\/fsi_osi\/wp-json\/wp\/v2\/media?parent=27"}],"wp:term":[{"taxonomy":"category","embeddable":true,"href":"https:\/\/userblogs.fu-berlin.de\/fsi_osi\/wp-json\/wp\/v2\/categories?post=27"},{"taxonomy":"post_tag","embeddable":true,"href":"https:\/\/userblogs.fu-berlin.de\/fsi_osi\/wp-json\/wp\/v2\/tags?post=27"}],"curies":[{"name":"wp","href":"https:\/\/api.w.org\/{rel}","templated":true}]}}