{"id":28,"date":"2008-06-04T19:56:57","date_gmt":"2008-06-04T18:56:57","guid":{"rendered":"http:\/\/fsiosi.blogsport.de\/2008\/06\/04\/aenderung-des-strukturplans-beschlossen-ideengeschichte-demnaechst-nur-noch-als-juniorprofessur\/"},"modified":"2008-06-04T19:56:57","modified_gmt":"2008-06-04T18:56:57","slug":"aenderung-des-strukturplans-beschlossen-ideengeschichte-demnaechst-nur-noch-als-juniorprofessur","status":"publish","type":"post","link":"https:\/\/userblogs.fu-berlin.de\/fsi_osi\/2008\/06\/04\/aenderung-des-strukturplans-beschlossen-ideengeschichte-demnaechst-nur-noch-als-juniorprofessur\/","title":{"rendered":"\u00c4nderung des Strukturplans beschlossen: Ideengeschichte demn\u00e4chst nur noch als Juniorprofessur"},"content":{"rendered":"<p>Der Fachbereichsrat PolSoz hat heute morgen einen neuen Strukturplan beschlossen. Im Gegensatz zum bisherigen Strukturplan sieht dieser statt einer vollen Ideengeschichtsprofessur nur noch eine Juniorprofessur im Bereich Ideengeschichte vor. Gleichzeitig wird Sven Chojnackis Juniorprofessur in eine regul\u00e4re Professur umgewandelt, Christoph Z\u00fcrchers befristete Professur wird zu einer unbefristeten. Der Beschluss bedeutet eine weitere St\u00e4rkung des IB-Bereichs auf Kosten der Theorie.<\/p>\n<p>Rund 25 Studierende waren am Mittwochmorgen in den H\u00f6rsaal A gekommen, um sich an der Diskussion \u00fcber die zuk\u00fcnftige Struktur des OSI zu beteiligen. Schon diese M\u00f6glichkeit ist keine Selbstverst\u00e4ndlichkeit: Als das Thema vor rund drei Wochen zum ersten Mal im Institutsrat behandelt wurde, geschah dies unter Ausschluss der \u00d6ffentlichkeit, der einzige anwesende Student wurde aus dem Raum geschickt. Die Diskussion im Fachbereichsrat eine Woche darauf hatte man ebenfalls unter Ausschluss der \u00d6ffentlichkeit gef\u00fchrt. <\/p>\n<p>Auch wenn heute morgen keine Studierenden aus dem Saal geschmissen wurden, mussten sie sich die M\u00f6glichkeit einer offenen Diskussion erst erstreiten. So wollte Dekanin Riedm\u00fcller zun\u00e4chst den Studierenden das Wort verbieten. Zudem dr\u00e4ngte die Sitzungsleitung immer wieder darauf, den Tagesordnungspunkt m\u00f6glichst schnell abzuschlie\u00dfen.<\/p>\n<p>Dabei war der Diskussionsbedarf gro\u00df: Die Argumentation des Dekanats, mit der Struktur\u00e4nderung entstehe unterm Strich eine neue Professur am OSI, wurde von den Studierenden immer wieder heftig kritisiert. Es sei falsch, wenn die St\u00e4rkung der Friedens- und Konfliktforschung auf Kosten der politischen Ideengeschichte geschehe. Im Vergleich zu  regul\u00e4ren Professuren sehen Juniorprofessuren ein verringertes Lehrdeputat vor. Zudem ist an Juniorprofessuren kein eigenes Lehrpersonal gebunden. Hajo Funke sprach dementsprechend von einer \u201eerheblichen Verringerung des Theorieanteils\u201c. Schon seit Jahren sei es aber Ziel des Instituts, den Anteil der IB und der international ausgerichteten Forschung auszubauen.<\/p>\n<p>Studierende, die diese Schwerpunktverlagerung kritisierten und auf die hohe Nachfrage nach Lehrveranstaltungen im Bereich Ideengeschichte hinwiesen, begegneten die ProfessorInnen mit zweifelhaften Argumenten. So wies Marianne Braig darauf hin, dass Theorien ja sowieso in allen Bereichen der Politikwissenschaft verwendet w\u00fcrden, was Hajo Funke bekr\u00e4ftigte, indem er Braig unterstellte, \u201eauch Habermas gelesen\u201c zu haben. Barbara Riedm\u00fcller behauptete schlicht, es gebe keine geeigneten BewerberInnen f\u00fcr eine Ideengeschichtsprofessur. Kompromissbereit zeigte sich lediglich Verwaltungsleiter Detlef Brose, der sagte, eine regul\u00e4re Ideengeschichtsprofessur zus\u00e4tzlich zu der beschlossenen Struktur\u00e4nderung sei \u201ebezahlbar\u201c. <\/p>\n<p>Allen Bedenken der Studierenden zum Trotz wurde der neue Strukturplan beschlossen, nachdem die Sitzungsleitung die Diskussion trotz weiterer Wortmeldungen abgebrochen hatte. Auch der Antrag der Studierenden, das Thema noch einmal ausf\u00fchrlich im Institutsrat zu behandeln, wurde abgelehnt. Es bestehe Zeitdruck, weil Chojnacki und Z\u00fcrcher sonst nicht am OSI gehalten werden k\u00f6nnten. <\/p>\n<p>Stattgegeben wurde lediglich einem Antrag der Studierenden, eine Kommission zu gr\u00fcnden, die die Zukunft des OSI-Strukturplans erarbeiten soll. Um die Besetzung und die Arbeitsweise dieser Kommission sowie das weitere Vorgehen zu besprechen, treffen sich alle  interessierten Studierenden morgen (Donnerstag) um 12 Uhr vor dem Roten Caf\u00e9.<\/p>\n<p>(Fabian)<\/p>\n","protected":false},"excerpt":{"rendered":"<p>Der Fachbereichsrat PolSoz hat heute morgen einen neuen Strukturplan beschlossen. Im Gegensatz zum bisherigen Strukturplan sieht dieser statt einer vollen Ideengeschichtsprofessur nur noch eine Juniorprofessur im Bereich Ideengeschichte vor. Gleichzeitig wird Sven Chojnackis Juniorprofessur in eine regul\u00e4re Professur umgewandelt, Christoph Z\u00fcrchers befristete Professur wird zu einer unbefristeten. Der Beschluss bedeutet eine weitere St\u00e4rkung des IB-Bereichs &hellip; <a href=\"https:\/\/userblogs.fu-berlin.de\/fsi_osi\/2008\/06\/04\/aenderung-des-strukturplans-beschlossen-ideengeschichte-demnaechst-nur-noch-als-juniorprofessur\/\" class=\"more-link\"><span class=\"screen-reader-text\">\u201e\u00c4nderung des Strukturplans beschlossen: Ideengeschichte demn\u00e4chst nur noch als Juniorprofessur\u201c<\/span> weiterlesen<\/a><\/p>\n","protected":false},"author":6075,"featured_media":0,"comment_status":"open","ping_status":"open","sticky":false,"template":"","format":"standard","meta":{"footnotes":""},"categories":[91,464170,463967,463349],"tags":[],"class_list":["post-28","post","type-post","status-publish","format-standard","hentry","category-allgemein","category-gremienarbeit","category-hochschulpolitik","category-osi"],"_links":{"self":[{"href":"https:\/\/userblogs.fu-berlin.de\/fsi_osi\/wp-json\/wp\/v2\/posts\/28","targetHints":{"allow":["GET"]}}],"collection":[{"href":"https:\/\/userblogs.fu-berlin.de\/fsi_osi\/wp-json\/wp\/v2\/posts"}],"about":[{"href":"https:\/\/userblogs.fu-berlin.de\/fsi_osi\/wp-json\/wp\/v2\/types\/post"}],"author":[{"embeddable":true,"href":"https:\/\/userblogs.fu-berlin.de\/fsi_osi\/wp-json\/wp\/v2\/users\/6075"}],"replies":[{"embeddable":true,"href":"https:\/\/userblogs.fu-berlin.de\/fsi_osi\/wp-json\/wp\/v2\/comments?post=28"}],"version-history":[{"count":0,"href":"https:\/\/userblogs.fu-berlin.de\/fsi_osi\/wp-json\/wp\/v2\/posts\/28\/revisions"}],"wp:attachment":[{"href":"https:\/\/userblogs.fu-berlin.de\/fsi_osi\/wp-json\/wp\/v2\/media?parent=28"}],"wp:term":[{"taxonomy":"category","embeddable":true,"href":"https:\/\/userblogs.fu-berlin.de\/fsi_osi\/wp-json\/wp\/v2\/categories?post=28"},{"taxonomy":"post_tag","embeddable":true,"href":"https:\/\/userblogs.fu-berlin.de\/fsi_osi\/wp-json\/wp\/v2\/tags?post=28"}],"curies":[{"name":"wp","href":"https:\/\/api.w.org\/{rel}","templated":true}]}}