{"id":282,"date":"2015-02-03T13:02:00","date_gmt":"2015-02-03T12:02:00","guid":{"rendered":"http:\/\/fsiosi.blogsport.de\/2015\/02\/03\/hearings-fuer-die-gender-und-vielfalt-professur\/"},"modified":"2015-02-03T13:02:00","modified_gmt":"2015-02-03T12:02:00","slug":"hearings-fuer-die-gender-und-vielfalt-professur","status":"publish","type":"post","link":"https:\/\/userblogs.fu-berlin.de\/fsi_osi\/2015\/02\/03\/hearings-fuer-die-gender-und-vielfalt-professur\/","title":{"rendered":"Hearings f\u00fcr die \u201eGender und Vielfalt\u201c Professur"},"content":{"rendered":"<p>In der kommenden Woche finden am Dienstag und Donnerstag die Hearings zur Neubesetzung der Professur f\u00fcr Gender und Vielfalt statt. Hearings sind<br \/>\nVorstellungsgespr\u00e4che zwischen der Uni, die einen freien Lehrstuhl neu besetzen will, und Bewerber_innen, die auf diesen freien Lehrstuhl berufen<br \/>\nwerden wollen.  <\/p>\n<p>Als Studierende habt Ihr die M\u00f6glichkeit und das Recht, an der Berufung mitzuwirken. Ihr k\u00f6nnt mitentscheiden, wer in den n\u00e4chsten Jahren am OSI<br \/>\nlehrt und forscht, Vorlesungen h\u00e4lt, Seminare anbietet und Eure Haus- und Abschlussarbeiten betreut.<\/p>\n<p>Am kommenden Donnerstag und Freitag wird jede_r der sechs Bewerber_innen auf die Professur f\u00fcr Gender und Vielfalt eine 20-min\u00fctige Lehrprobe f\u00fcr Euch geben. W\u00e4hrend dieser Lehrprobe k\u00f6nnt Ihr Fragen zu Themen stellen, die Euch interessieren und die ein_e Professor_in f\u00fcr Gender und Vielfalt Eures Erachtens nach beherrschen sollte. Nach der Lehrprobe k\u00f6nnte Ihr dann beurteilen, ob und inwieweit Ihr die einzelnen Kandidat_innen f\u00fcr bef\u00e4higt haltet, interessante und anregende Lehrveranstaltungen anzubieten und Eure wissenschaftlichen Vorhaben sachkundig und hilfreich zu<br \/>\nbegleiten. Mit Eurem Urteil entscheidet Ihr dar\u00fcber mit, wer der_die n\u00e4chste Professor_in f\u00fcr Gender und Vielfalt am OSI wird.<\/p>\n<p>Neben dieser Lehrprobe h\u00e4lt jede_r  Kandidat_in einen Fachvortrag und wird von den Mitgliedern der Berufungskommission zur Motivation und den<br \/>\nUmst\u00e4nden seiner Bewerbung, seiner besonderen Eignung etc. befragt. Die vielversprechenden Vortragsthemen findet Ihr weiter unten zusammen mit den Namen der Bewerber_innen und dem Ort und Zeitpunkt der Hearings.<\/p>\n<p>Es w\u00fcrde mich sehr freuen, viele von Euch am 10. und 12. Februar 2015 zu sehen und als studentisches Mitglied der Berufungskommission Eure<br \/>\nEinsch\u00e4tzungen der einzelnen Bewerber_innen zu h\u00f6ren.<\/p>\n<p>Alles Liebe,<br \/>\nLiza Pflaum, studentisches Mitglied der Berufungskommission \u201eGender und Vielfalt\u201c f\u00fcr die FSI*OSI<\/p>\n<p><strong>&#8222;\u00d6ffentliche Hearings im Rahmen des Berufungsverfahrens Universit\u00e4tsprofessur f\u00fcr Politikwissenschaft mit dem Schwerpunkt Gender<br \/>\nund Vielfalt&#8220;<\/strong><\/p>\n<p><strong>Wann: Dienstag, 10. Februar und Donnerstag, 12. Februar 2015<br \/>\nWo: Henry-Ford-Bau, Garystr. 35, Konferenzraum III, 2.OG<br \/>\n <\/strong><br \/>\n_10. Februar_<\/p>\n<p>9.00 Uhr Susanne Lettow<br \/>\n\u201eGeschlecht und Vielfalt in der globalen Bio\u00f6konomie. Herausforderungen<br \/>\nf\u00fcr die politische Theorie\u201c<\/p>\n<p>11.00 Uhr Sabine Beckmann<br \/>\n\u201eAnalysen des sozialen Wandels aus intersektionaler Perspektive\u201c<\/p>\n<p>13.00 \u2013 13.30 Uhr Pause<\/p>\n<p>13.30 Uhr G\u00fclay Caglar <strong>(Konferenzraum I)<\/strong><\/p>\n<p>\u201eGender Matters: Geschlecht als Kategorie zur Analyse der<br \/>\nGeschlechterpolitik in internationalen<br \/>\nOrganisationen\u201c<\/p>\n<p>_12. Februar_<\/p>\n<p>09.30 Uhr Tina Spies<br \/>\n\u201eTransnationale Perspektiven in der Genderforschung\u201c<\/p>\n<p>11.30 Uhr Nikita Dhawan<br \/>\n\u201cWhat Difference does Difference Make? Gender, Diversity and Transnational<br \/>\nPolitics\u201d<\/p>\n<p>13.30 \u2013 14.00 Uhr Pause<\/p>\n<p>14.00 Uhr Kyoko Shinozaki<br \/>\n\u201cAn intersectional perspective on social inequalities and diversity:<br \/>\nmigrant citizenship in gendered<br \/>\ntransnational mobilities\u201d<\/p>\n","protected":false},"excerpt":{"rendered":"<p>In der kommenden Woche finden am Dienstag und Donnerstag die Hearings zur Neubesetzung der Professur f\u00fcr Gender und Vielfalt statt. Hearings sind Vorstellungsgespr\u00e4che zwischen der Uni, die einen freien Lehrstuhl neu besetzen will, und Bewerber_innen, die auf diesen freien Lehrstuhl berufen werden wollen. Als Studierende habt Ihr die M\u00f6glichkeit und das Recht, an der Berufung &hellip; <a href=\"https:\/\/userblogs.fu-berlin.de\/fsi_osi\/2015\/02\/03\/hearings-fuer-die-gender-und-vielfalt-professur\/\" class=\"more-link\"><span class=\"screen-reader-text\">\u201eHearings f\u00fcr die \u201eGender und Vielfalt\u201c Professur\u201c<\/span> weiterlesen<\/a><\/p>\n","protected":false},"author":6075,"featured_media":0,"comment_status":"open","ping_status":"open","sticky":false,"template":"","format":"standard","meta":{"footnotes":""},"categories":[91,463967,463349],"tags":[],"class_list":["post-282","post","type-post","status-publish","format-standard","hentry","category-allgemein","category-hochschulpolitik","category-osi"],"_links":{"self":[{"href":"https:\/\/userblogs.fu-berlin.de\/fsi_osi\/wp-json\/wp\/v2\/posts\/282","targetHints":{"allow":["GET"]}}],"collection":[{"href":"https:\/\/userblogs.fu-berlin.de\/fsi_osi\/wp-json\/wp\/v2\/posts"}],"about":[{"href":"https:\/\/userblogs.fu-berlin.de\/fsi_osi\/wp-json\/wp\/v2\/types\/post"}],"author":[{"embeddable":true,"href":"https:\/\/userblogs.fu-berlin.de\/fsi_osi\/wp-json\/wp\/v2\/users\/6075"}],"replies":[{"embeddable":true,"href":"https:\/\/userblogs.fu-berlin.de\/fsi_osi\/wp-json\/wp\/v2\/comments?post=282"}],"version-history":[{"count":0,"href":"https:\/\/userblogs.fu-berlin.de\/fsi_osi\/wp-json\/wp\/v2\/posts\/282\/revisions"}],"wp:attachment":[{"href":"https:\/\/userblogs.fu-berlin.de\/fsi_osi\/wp-json\/wp\/v2\/media?parent=282"}],"wp:term":[{"taxonomy":"category","embeddable":true,"href":"https:\/\/userblogs.fu-berlin.de\/fsi_osi\/wp-json\/wp\/v2\/categories?post=282"},{"taxonomy":"post_tag","embeddable":true,"href":"https:\/\/userblogs.fu-berlin.de\/fsi_osi\/wp-json\/wp\/v2\/tags?post=282"}],"curies":[{"name":"wp","href":"https:\/\/api.w.org\/{rel}","templated":true}]}}