{"id":285,"date":"2015-05-26T12:08:22","date_gmt":"2015-05-26T11:08:22","guid":{"rendered":"http:\/\/fsiosi.blogsport.de\/2015\/05\/26\/keine-zukunft-fuer-nazis-tddz-in-neuruppin-verhindern\/"},"modified":"2015-05-26T12:08:22","modified_gmt":"2015-05-26T11:08:22","slug":"keine-zukunft-fuer-nazis-tddz-in-neuruppin-verhindern","status":"publish","type":"post","link":"https:\/\/userblogs.fu-berlin.de\/fsi_osi\/2015\/05\/26\/keine-zukunft-fuer-nazis-tddz-in-neuruppin-verhindern\/","title":{"rendered":"Keine Zukunft f\u00fcr Nazis! TDDZ in Neuruppin verhindern!"},"content":{"rendered":"<p><img decoding=\"async\" src=\"https:\/\/dl.dropboxusercontent.com\/u\/432967\/Flyer_NOTDDZ-page-001.jpg\" alt=\"\" \/><\/p>\n<p>Kurzaufruf<\/p>\n<p>Am 6. Juni 2015 planen Neonazis in der brandenburgischen Stadt Neuruppin ihre seit 2009 j\u00e4hrlich stattfindende Kampagne zum sog. \u201eTag der deutschen Zukunft\u201c (TDDZ) fortzusetzen. In diesem Rahmen wollen sie einerseits durch Anheizen rassistischer Denkmuster an bestehende Ressentiments und die rassistische Stimmungen in Teilen der Gesellschaft ankn\u00fcpfen und andererseits eine Drohkulisse gegen\u00fcber Migrant_innen und Gefl\u00fcchteten aufbauen.<\/p>\n<p>Daf\u00fcr engagieren sich die lokal ans\u00e4ssigen Strukturen der \u201eFreien Kr\u00e4fte Neuruppin\/ Osthavelland\u201c. Sie wollen mit diesem Gro\u00dfaufmarsch, bei dem bis zu 500 Teilnehmer_innen erwartet werden, an vergangene neonazistische Veranstaltungen in Neuruppin ankn\u00fcpfen und ihre Position in der Region Nordwestbrandenburg festigen.<\/p>\n<p>Der Tag stellt den H\u00f6hepunkt einer bereits laufenden Reihe von Versammlungen und Aktionen dar. Dabei wird jede Gelegenheit genutzt, um sich in Szene zu setzen und Anh\u00e4nger_innen zu mobilisieren. Es ist mit einem der gr\u00f6\u00dften Aufz\u00fcge seit den j\u00e4hrlichen M\u00e4rschen im brandenburgischen Halbe zu rechnen.<\/p>\n<p>Wir wollen dies nicht hinnehmen und rufen alle engagierten Antifaschist_innen dazu auf, gemeinsam den Neonazis entgegen zu treten und den TDDZ durch Menschenblockaden scheitern zu lassen.<\/p>\n<p>Wir setzen uns f\u00fcr ein solidarisches Miteinander, Chancengleichheit und freie Entfaltungsm\u00f6glichkeit f\u00fcr alle Menschen ein. Eine \u201cZukunft\u201d voller Ausgrenzung und Unterdr\u00fcckung muss verhindert werden!<\/p>\n<p>Kommt am 6. Juni 2015 nach Neuruppin und lasst uns gemeinsam dem TDDZ blockieren.<br \/>\nKeine Zukunft den Nazis!<\/p>\n<p>mehr Infos unter: http:\/\/neuruppin.no-tddz.org\/<\/p>\n","protected":false},"excerpt":{"rendered":"<p>Kurzaufruf Am 6. Juni 2015 planen Neonazis in der brandenburgischen Stadt Neuruppin ihre seit 2009 j\u00e4hrlich stattfindende Kampagne zum sog. \u201eTag der deutschen Zukunft\u201c (TDDZ) fortzusetzen. In diesem Rahmen wollen sie einerseits durch Anheizen rassistischer Denkmuster an bestehende Ressentiments und die rassistische Stimmungen in Teilen der Gesellschaft ankn\u00fcpfen und andererseits eine Drohkulisse gegen\u00fcber Migrant_innen und &hellip; <a href=\"https:\/\/userblogs.fu-berlin.de\/fsi_osi\/2015\/05\/26\/keine-zukunft-fuer-nazis-tddz-in-neuruppin-verhindern\/\" class=\"more-link\"><span class=\"screen-reader-text\">\u201eKeine Zukunft f\u00fcr Nazis! TDDZ in Neuruppin verhindern!\u201c<\/span> weiterlesen<\/a><\/p>\n","protected":false},"author":6075,"featured_media":0,"comment_status":"open","ping_status":"open","sticky":false,"template":"","format":"standard","meta":{"footnotes":""},"categories":[91],"tags":[],"class_list":["post-285","post","type-post","status-publish","format-standard","hentry","category-allgemein"],"_links":{"self":[{"href":"https:\/\/userblogs.fu-berlin.de\/fsi_osi\/wp-json\/wp\/v2\/posts\/285","targetHints":{"allow":["GET"]}}],"collection":[{"href":"https:\/\/userblogs.fu-berlin.de\/fsi_osi\/wp-json\/wp\/v2\/posts"}],"about":[{"href":"https:\/\/userblogs.fu-berlin.de\/fsi_osi\/wp-json\/wp\/v2\/types\/post"}],"author":[{"embeddable":true,"href":"https:\/\/userblogs.fu-berlin.de\/fsi_osi\/wp-json\/wp\/v2\/users\/6075"}],"replies":[{"embeddable":true,"href":"https:\/\/userblogs.fu-berlin.de\/fsi_osi\/wp-json\/wp\/v2\/comments?post=285"}],"version-history":[{"count":0,"href":"https:\/\/userblogs.fu-berlin.de\/fsi_osi\/wp-json\/wp\/v2\/posts\/285\/revisions"}],"wp:attachment":[{"href":"https:\/\/userblogs.fu-berlin.de\/fsi_osi\/wp-json\/wp\/v2\/media?parent=285"}],"wp:term":[{"taxonomy":"category","embeddable":true,"href":"https:\/\/userblogs.fu-berlin.de\/fsi_osi\/wp-json\/wp\/v2\/categories?post=285"},{"taxonomy":"post_tag","embeddable":true,"href":"https:\/\/userblogs.fu-berlin.de\/fsi_osi\/wp-json\/wp\/v2\/tags?post=285"}],"curies":[{"name":"wp","href":"https:\/\/api.w.org\/{rel}","templated":true}]}}