{"id":286,"date":"2015-06-01T16:03:44","date_gmt":"2015-06-01T15:03:44","guid":{"rendered":"http:\/\/fsiosi.blogsport.de\/2015\/06\/01\/offenes-plenum-2\/"},"modified":"2015-06-01T16:03:44","modified_gmt":"2015-06-01T15:03:44","slug":"offenes-plenum-2","status":"publish","type":"post","link":"https:\/\/userblogs.fu-berlin.de\/fsi_osi\/2015\/06\/01\/offenes-plenum-2\/","title":{"rendered":"Offenes Plenum"},"content":{"rendered":"<p>Liebe*r Komilliton*in,<\/p>\n<p>Bist du an Hochschul- und\/oder Berliner Stadtpolitik interessiert? Denkst du, dass das beides sowieso zusammengeh\u00f6rt? Schl\u00e4gt dein Herz links und feministisch? Dann komm doch beim n\u00e4chsten Treffen der FSI*OSI vorbei:<\/p>\n<p>Donnerstag, 4.6., 18:45 Uhr, Rotes Caf\u00e9<br \/>\nVorher gibt&#8217;s K\u00fcfa (&#8222;K\u00fcche f\u00fcr alle&#8220;, leckeres veganes Essen gegen Spende). =)<\/p>\n<p>Kurz zu uns:<br \/>\nfsi*osi ist die Abk\u00fcrzung f\u00fcr &#8222;Fachschaftsinitiative Otto-Suhr-Institut&#8220;<\/p>\n<p>Wir sind f\u00fcr &#8230;<br \/>\n* gesellschafts- und herrschaftskritische Uni<br \/>\n* basisdemokratische Entscheidungen, Beteiligung und Diskussion<br \/>\n* Aktion, Protest und Veto<\/p>\n<p>Wir sind gegen &#8230;<br \/>\n* jede Form von Herrschaft: Rassismus, Antisemitismus, Sexismus usw.<br \/>\n* Elite, Exzellenz und Studiengeb\u00fchren<br \/>\n* Leistungsdruck und Uniformit\u00e4t<\/p>\n<p>Wir machen &#8230;<br \/>\n* Tresen: allmonatlicher Barabend mit Vortrag und Diskussion (zB \u201eHeckler &amp; Koch \u2013 Illegaler deutscher Waffenhandel und mexikanisches Polizeiversagen\u201c)<br \/>\n* Veranstaltungen: Vortr\u00e4ge und Workshops mit aktuellem Bezug (zB \u201eKapitalismuskritik und Antisemitismus\u201c), studentischer Institutstag<br \/>\n* Gremien und Arbeitskreise: aktive Mitarbeit in I-Rat, FBR, StuPa, Berufungskommissionen (zB Professuren \u201eGender und Vielfalt\u201c, \u201ePolitik und Recht\u201c)<\/p>\n<p>Wir wollen dich und deine Themen kennenlernen!<br \/>\nDeine fsi*osi<\/p>\n","protected":false},"excerpt":{"rendered":"<p>Liebe*r Komilliton*in, Bist du an Hochschul- und\/oder Berliner Stadtpolitik interessiert? Denkst du, dass das beides sowieso zusammengeh\u00f6rt? Schl\u00e4gt dein Herz links und feministisch? Dann komm doch beim n\u00e4chsten Treffen der FSI*OSI vorbei: Donnerstag, 4.6., 18:45 Uhr, Rotes Caf\u00e9 Vorher gibt&#8217;s K\u00fcfa (&#8222;K\u00fcche f\u00fcr alle&#8220;, leckeres veganes Essen gegen Spende). =) Kurz zu uns: fsi*osi ist &hellip; <a href=\"https:\/\/userblogs.fu-berlin.de\/fsi_osi\/2015\/06\/01\/offenes-plenum-2\/\" class=\"more-link\"><span class=\"screen-reader-text\">\u201eOffenes Plenum\u201c<\/span> weiterlesen<\/a><\/p>\n","protected":false},"author":6075,"featured_media":0,"comment_status":"open","ping_status":"open","sticky":false,"template":"","format":"standard","meta":{"footnotes":""},"categories":[91,463967,463349],"tags":[],"class_list":["post-286","post","type-post","status-publish","format-standard","hentry","category-allgemein","category-hochschulpolitik","category-osi"],"_links":{"self":[{"href":"https:\/\/userblogs.fu-berlin.de\/fsi_osi\/wp-json\/wp\/v2\/posts\/286","targetHints":{"allow":["GET"]}}],"collection":[{"href":"https:\/\/userblogs.fu-berlin.de\/fsi_osi\/wp-json\/wp\/v2\/posts"}],"about":[{"href":"https:\/\/userblogs.fu-berlin.de\/fsi_osi\/wp-json\/wp\/v2\/types\/post"}],"author":[{"embeddable":true,"href":"https:\/\/userblogs.fu-berlin.de\/fsi_osi\/wp-json\/wp\/v2\/users\/6075"}],"replies":[{"embeddable":true,"href":"https:\/\/userblogs.fu-berlin.de\/fsi_osi\/wp-json\/wp\/v2\/comments?post=286"}],"version-history":[{"count":0,"href":"https:\/\/userblogs.fu-berlin.de\/fsi_osi\/wp-json\/wp\/v2\/posts\/286\/revisions"}],"wp:attachment":[{"href":"https:\/\/userblogs.fu-berlin.de\/fsi_osi\/wp-json\/wp\/v2\/media?parent=286"}],"wp:term":[{"taxonomy":"category","embeddable":true,"href":"https:\/\/userblogs.fu-berlin.de\/fsi_osi\/wp-json\/wp\/v2\/categories?post=286"},{"taxonomy":"post_tag","embeddable":true,"href":"https:\/\/userblogs.fu-berlin.de\/fsi_osi\/wp-json\/wp\/v2\/tags?post=286"}],"curies":[{"name":"wp","href":"https:\/\/api.w.org\/{rel}","templated":true}]}}