{"id":29,"date":"2008-06-15T14:43:53","date_gmt":"2008-06-15T13:43:53","guid":{"rendered":"http:\/\/fsiosi.blogsport.de\/?p=29"},"modified":"2008-06-15T14:43:53","modified_gmt":"2008-06-15T13:43:53","slug":"offener-brief-fuer-den-erhalt-der-ideengeschichts-vollprofessur-am-osi","status":"publish","type":"post","link":"https:\/\/userblogs.fu-berlin.de\/fsi_osi\/2008\/06\/15\/offener-brief-fuer-den-erhalt-der-ideengeschichts-vollprofessur-am-osi\/","title":{"rendered":"Offener Brief f\u00fcr den Erhalt der Ideengeschichts-Vollprofessur am OSI"},"content":{"rendered":"<p><a href=\"http:\/\/fuwatch.wordpress.com\/2008\/06\/15\/widerstand-gegen-abwertung-der-ideengeschichte-am-osi\/\">Das FUWatch-Blog<\/a> berichtet \u00fcber einen Offenen Brief an Dieter Lenzen, Barbara Riedm\u00fcller und Peter Massing, in dem zum Erhalt der Ideengeschichts-Professur am OSI aufgerufen wird. Wir ver\u00f6ffentlichen ihn hier vollst\u00e4ndig mit der Absicht, die Debatte auch nach dem Beschluss des FBR nicht einschlafen zu lassen und um weiter Druck auf die Verantwortlichen zu    erzeugen.<br \/>\nAch ja, sorry wegen der Formatierung&#8230; <\/p>\n<p>                                                                                                                                        Sektion f\u00fcr Politische Theorie und Ideengeschichte<br \/>\n                                                                                                                                           Deutsche Vereinigung f\u00fcr Politische Wissenschaft<br \/>\n                                                                                                                                                                                         Universit\u00e4t Greifswald<br \/>\n                                                                                                                                                                           Institut f\u00fcr Politikwissenschaft<br \/>\n                                                                                                                                                                                                   Baderstrasse 6\/7<br \/>\n                                                                                                                                                                                                   17489 Greifswald<\/p>\n<p>An den Pr\u00e4sidenten der Freien Universit\u00e4t Berlin<br \/>\nHerrn Prof. Dr. Dieter Lenzen<br \/>\nKaiserswerther Str. 16-18<br \/>\n14195 Berlin<\/p>\n<p>An die Dekanin des Fachbereichs Politik- und Sozialwissenschaften<br \/>\nFrau Prof. Dr. Barbara Riedm\u00fcller<br \/>\nIhnestra\u00dfe 21<br \/>\n14195 Berlin<br \/>\nMit der Bitte um Weiterleitung an die Mitglieder des Fachbereichsrats<\/p>\n<p>An den gesch\u00e4ftsf\u00fchrenden Direktor<br \/>\ndes Otto-Suhr-Instituts f\u00fcr Politikwissenschaft<br \/>\nHerrn Prof. Dr. Peter Massing<br \/>\nFreie Universit\u00e4t Berlin<br \/>\nIhnestra\u00dfe 21<br \/>\n14195 Berlin<br \/>\nMit der Bitte um Weiterleitung an die Mitglieder des Institutsrats<\/p>\n<p>12.6.08<\/p>\n<p><strong>Offener Brief<\/strong><\/p>\n<p>Sehr geehrte Frau Kollegin Riedm\u00fcller, sehr geehrte Kollegen Lenzen und Massing,<br \/>\ndie Sektion f\u00fcr Politische Theorie und Ideengeschichte in der Deutschen Vereinigung f\u00fcr<br \/>\nPolitische Wissenschaft verfolgt mit Sorge die Entwicklung des Strukturplans am Otto-Suhr-<br \/>\nInstitut, einem der wesentlichen Lehr- und Forschungszentren der Politikwissenschaft in<br \/>\nDeutschland. Die seit langem vakante Professur f\u00fcr Politische Theorie und Ideengeschichte<br \/>\n(Lehstuhlinhaber in der Vergangenheit u.a. von der Gablentz, C.P. Ludz, Alexander Schwan,<br \/>\nAxel Honneth) soll zu einer Juniorprofessur heruntergestuft werden, um andere Bereiche der<br \/>\nPolitikwissenschaft zu st\u00e4rken.<\/p>\n<p>Diese Entwicklung steht nicht nur im Gegensatz zum traditionellen, grundlagenorientierten<br \/>\nVerst\u00e4ndnis der Politikwissenschaft am Otto-Suhr-Institut. Sie gef\u00e4hrdet die Vollst\u00e4ndigkeit<br \/>\nund Qualit\u00e4t der politikwissenschaftlichen Ausbildung und die Qualit\u00e4t der<br \/>\nGrundlagenforschung an der FU. Sie tr\u00e4gt zudem zu einer Marginalisierung der Politischen<br \/>\nTheorie und Ideengeschichte bei, die die Politikwissenschaft insgesamt schw\u00e4cht.<br \/>\nMit der Abwertung der Stelle zur Juniorprofessur wird die ideengeschichtliche<br \/>\nGrundlagenforschung, von der die Teilgebiete in ihrer Produktivit\u00e4t zehren, von einer<br \/>\nzentralen und identit\u00e4tspr\u00e4genden zu einer Randdisziplin der Politikwissenschaft<br \/>\nheruntergestuft. Solche Richtungsentscheidungen betreffen das Selbstverst\u00e4ndnis der<br \/>\nPolitikwissenschaft bundesweit und betreffen daher alle Fachkolleginnen und \u2013kollegen.<br \/>\nDie bahnbrechenden Neuorientierungen, die in der Politikwissenschaft in den vergangenen<br \/>\nJahren angesichts neuer, unter anderem transnationaler Herausforderungen vorgenommen<br \/>\nwurden, waren nur m\u00f6glich auf der Basis einer erneuten Hinwendung zu klassischen<br \/>\nGrundlagentexten, ihrer ideenhistorischen Aufarbeitung und auf der Basis eines erneuerten<br \/>\nBezugs der Teildisziplinen auf die politische Theorie. Ein stark im Bereich der Governanceund<br \/>\nder Globalisierungs-Forschung engagiertes Institut l\u00e4uft Gefahr, sich mit dem Verzicht<br \/>\nauf selbst\u00e4ndige ideengeschichtliche Forschung auch in Bezug auf kosmopolitische und<br \/>\ninterkulturell vergleichende Ans\u00e4tze eines kritischen Potentials zu berauben. In den f\u00fchrenden<br \/>\nbritischen und U.S.-amerikanischen Departments f\u00fcr Politikwissenschaft ist die<br \/>\nNotwendigkeit einer starken Repr\u00e4sentation der Politischen Theorie und Ideengeschichte<br \/>\nl\u00e4ngst anerkannt; sie sollte hierzulande eine Selbstverst\u00e4ndlichkeit sein.<\/p>\n<p>Daneben ist zu bedenken, dass eine hochwertige Ausbildung in der Ideengeschichte, einem<br \/>\nvon zwei theoretischen BA-Pflichtmodulen im Studiengang Politikwissenschaft, durch eine<br \/>\nJuniorprofessur mit 4 Wochenstunden Deputat (ein Drittel des Deputats einer minimal<br \/>\nausgestatteten W3) wohl nicht sicherzustellen ist. Auch sind die Disponibilit\u00e4t und die Gefahr<br \/>\nvon Umwidmungen beim Auslaufen von Juniorprofessuren nicht zu untersch\u00e4tzen; die<br \/>\nRisiken sind dort aller Erfahrung nach h\u00f6her als bei sogenannten Eckprofessuren. Die<br \/>\nTheoriesektion fordert daher die FU, den Fachbereich und das Otto-Suhr-Institut auf, die W3-<br \/>\nProfessur f\u00fcr Politische Theorie und Ideengeschichte in vollem Umfang zu erhalten.<\/p>\n<p>Mit freundlichen Gr\u00fc\u00dfen<\/p>\n<p>Der Vorstand der Sektion f\u00fcr Politische Theorie und Ideengeschichte<\/p>\n<p>gez. Prof. Dr. Harald Bluhm<br \/>\nDr. habil. Andr\u00e9 Brodocz<br \/>\nProf. Dr. Hubertus Buchstein<br \/>\nProf. Dr. Peter Niesen<br \/>\nPD Dr. Tine Stein<\/p>\n","protected":false},"excerpt":{"rendered":"<p>Das FUWatch-Blog berichtet \u00fcber einen Offenen Brief an Dieter Lenzen, Barbara Riedm\u00fcller und Peter Massing, in dem zum Erhalt der Ideengeschichts-Professur am OSI aufgerufen wird. Wir ver\u00f6ffentlichen ihn hier vollst\u00e4ndig mit der Absicht, die Debatte auch nach dem Beschluss des FBR nicht einschlafen zu lassen und um weiter Druck auf die Verantwortlichen zu erzeugen. Ach &hellip; <a href=\"https:\/\/userblogs.fu-berlin.de\/fsi_osi\/2008\/06\/15\/offener-brief-fuer-den-erhalt-der-ideengeschichts-vollprofessur-am-osi\/\" class=\"more-link\"><span class=\"screen-reader-text\">\u201eOffener Brief f\u00fcr den Erhalt der Ideengeschichts-Vollprofessur am OSI\u201c<\/span> weiterlesen<\/a><\/p>\n","protected":false},"author":6075,"featured_media":0,"comment_status":"open","ping_status":"open","sticky":false,"template":"","format":"standard","meta":{"footnotes":""},"categories":[91,463967,463349],"tags":[],"class_list":["post-29","post","type-post","status-publish","format-standard","hentry","category-allgemein","category-hochschulpolitik","category-osi"],"_links":{"self":[{"href":"https:\/\/userblogs.fu-berlin.de\/fsi_osi\/wp-json\/wp\/v2\/posts\/29","targetHints":{"allow":["GET"]}}],"collection":[{"href":"https:\/\/userblogs.fu-berlin.de\/fsi_osi\/wp-json\/wp\/v2\/posts"}],"about":[{"href":"https:\/\/userblogs.fu-berlin.de\/fsi_osi\/wp-json\/wp\/v2\/types\/post"}],"author":[{"embeddable":true,"href":"https:\/\/userblogs.fu-berlin.de\/fsi_osi\/wp-json\/wp\/v2\/users\/6075"}],"replies":[{"embeddable":true,"href":"https:\/\/userblogs.fu-berlin.de\/fsi_osi\/wp-json\/wp\/v2\/comments?post=29"}],"version-history":[{"count":0,"href":"https:\/\/userblogs.fu-berlin.de\/fsi_osi\/wp-json\/wp\/v2\/posts\/29\/revisions"}],"wp:attachment":[{"href":"https:\/\/userblogs.fu-berlin.de\/fsi_osi\/wp-json\/wp\/v2\/media?parent=29"}],"wp:term":[{"taxonomy":"category","embeddable":true,"href":"https:\/\/userblogs.fu-berlin.de\/fsi_osi\/wp-json\/wp\/v2\/categories?post=29"},{"taxonomy":"post_tag","embeddable":true,"href":"https:\/\/userblogs.fu-berlin.de\/fsi_osi\/wp-json\/wp\/v2\/tags?post=29"}],"curies":[{"name":"wp","href":"https:\/\/api.w.org\/{rel}","templated":true}]}}