{"id":294,"date":"2016-10-30T22:36:50","date_gmt":"2016-10-30T21:36:50","guid":{"rendered":"http:\/\/fsiosi.blogsport.de\/2016\/10\/30\/bericht-aus-dem-institutsrat-am-26-10\/"},"modified":"2016-10-30T22:36:50","modified_gmt":"2016-10-30T21:36:50","slug":"bericht-aus-dem-institutsrat-am-26-10","status":"publish","type":"post","link":"https:\/\/userblogs.fu-berlin.de\/fsi_osi\/2016\/10\/30\/bericht-aus-dem-institutsrat-am-26-10\/","title":{"rendered":"Bericht aus dem Institutsrat am 26.10.2016"},"content":{"rendered":"<p>Bei der letzten I-Rat Sitzung wurde die Ausschreibung f\u00fcr die W2 Professur Politische Bildung und Politikdidaktik beschlossen. Dabei handelt es sich um die Nachfolge von Peter Massing, der sich im Ruhestand befindet und von Sabine Achour vertreten wird. Der Ausschreibungstext enth\u00e4lt neben den \u00fcblichen Formalien die Anforderungen Forschung zu den Themen \u201eMigration und\/oder Diversity\u201c sowie \u201epolitische Bildung f\u00fcr Lernende mit Migrationshintergrund\u201c. Diese inhaltlich spannende Ausrichtung der Professur begr\u00fc\u00dfen wir.<br \/>\n<!--more--><br \/>\nDes Weiteren haben wir daf\u00fcr argumentiert, dass f\u00fcr eine Professur der politischen Bildung auch eine Auseinandersetzung mit dem Holocaust und der NS-Zeit wichtig sind, im Sinne Adornos \u201eErziehung nach Ausschwitz\u201c. Zumal keine andere Professur sich dezidiert damit auseinandersetzt und diese M\u00f6glichkeit auch bei den Ausschreibungen f\u00fcr die Professuren Politik &amp; Recht sowie politische Soziologie seitens des Instituts vergeben wurden. Die Profs entgegneten mit dem Standardargument, dass dies das Bewerber*innen-Feld zu stark verengen w\u00fcrden. Als Kompromiss wurde sich darauf geeignet die Formulierung \u201eKenntnisse des Rechtsextremismus, auch in seiner historischen Dimension\u201c als w\u00fcnschenswert aufzunehmen. Dies entspricht zwar nicht ganz unserem Vorschlag, kann unseres Erachtens aber im Zweifelsfall helfen, bei gleicher Eignung eine*n coolere*n Kandidat*in vorzuziehen.<\/p>\n<p>Sabine Kropp merkte im \u00dcbrigen an, der allgemeine Begriff Extremismus doch ausreichen w\u00fcrde und alles abdecke. Damit sto\u00df sie im Institutsrat jedoch auf keine Zustimmung.<\/p>\n<p>Au\u00dferdem haben wir beantragt, dass im n\u00e4chsten I-Rat \u00fcber die neuen Regelungen zur Copyright Verwertung f\u00fcr Blackboard gesprochen wird. Interessanterweise waren sich in diesem Punkt ausnahmsweise alle Statusgruppen einig, dass es sich dabei um eine riesige Katastrophe handelt.<\/p>\n<p>Der neue Rahmenvertrag mit der VG Wort wird dazu f\u00fchren, dass ab 01. Januar 2017 keine urheberrechtlich gesch\u00fctzte Literatur mehr in der bisherigen Form auf BB bereitgestellt werden kann. Bisher wurde eine Pauschale gezahlt, die nun durch einen Betrag pro Seite pro Zugriff ersetzt werden soll. Dies stellt einen enormen b\u00fcrokratischen Aufwand dar und beschr\u00e4nkt den offenen Zugang zu Wissen, zumal die meisten Werke an Universit\u00e4ten entstanden sind, die mit \u00f6ffentlichen Geldern finanziert sind. Mehr Infos dazu findet ihr unter: http:\/\/www.urheberrechtsbuendnis.de\/pressemitteilung0216.html.de<\/p>\n<p>Zuletzt gab es noch die Mitteilung, dass das Pr\u00e4sidium fordert die Colloquien von Bachelor und Master Studierenden zu trennen. Die Profs sprachen sich dagegen aus, da sie dies nicht f\u00fcr sinnvoll erachten und auch keine Kapazit\u00e4ten h\u00e4tten zwei Colloquien zu bespielen. Dies wird das Institut an das Pr\u00e4sidium zur\u00fcckgeben.<\/p>\n<p>Wir hoffen wir konnten euch einen Eindruck geben, was in zu Semesterbeginn am Institut (hochschul-)politisch los ist. Wenn ihr Nachfragen oder Anmerkungen habt, stellt sie gerne in den Kommentaren.<\/p>\n<p>Eure FSI*OSI<\/p>\n","protected":false},"excerpt":{"rendered":"<p>Bei der letzten I-Rat Sitzung wurde die Ausschreibung f\u00fcr die W2 Professur Politische Bildung und Politikdidaktik beschlossen. Dabei handelt es sich um die Nachfolge von Peter Massing, der sich im Ruhestand befindet und von Sabine Achour vertreten wird. Der Ausschreibungstext enth\u00e4lt neben den \u00fcblichen Formalien die Anforderungen Forschung zu den Themen \u201eMigration und\/oder Diversity\u201c sowie &hellip; <a href=\"https:\/\/userblogs.fu-berlin.de\/fsi_osi\/2016\/10\/30\/bericht-aus-dem-institutsrat-am-26-10\/\" class=\"more-link\"><span class=\"screen-reader-text\">\u201eBericht aus dem Institutsrat am 26.10.2016\u201c<\/span> weiterlesen<\/a><\/p>\n","protected":false},"author":6075,"featured_media":0,"comment_status":"open","ping_status":"open","sticky":false,"template":"","format":"standard","meta":{"footnotes":""},"categories":[91,464170,463967,464645,463349],"tags":[],"class_list":["post-294","post","type-post","status-publish","format-standard","hentry","category-allgemein","category-gremienarbeit","category-hochschulpolitik","category-institutsrat-i-rat","category-osi"],"_links":{"self":[{"href":"https:\/\/userblogs.fu-berlin.de\/fsi_osi\/wp-json\/wp\/v2\/posts\/294","targetHints":{"allow":["GET"]}}],"collection":[{"href":"https:\/\/userblogs.fu-berlin.de\/fsi_osi\/wp-json\/wp\/v2\/posts"}],"about":[{"href":"https:\/\/userblogs.fu-berlin.de\/fsi_osi\/wp-json\/wp\/v2\/types\/post"}],"author":[{"embeddable":true,"href":"https:\/\/userblogs.fu-berlin.de\/fsi_osi\/wp-json\/wp\/v2\/users\/6075"}],"replies":[{"embeddable":true,"href":"https:\/\/userblogs.fu-berlin.de\/fsi_osi\/wp-json\/wp\/v2\/comments?post=294"}],"version-history":[{"count":0,"href":"https:\/\/userblogs.fu-berlin.de\/fsi_osi\/wp-json\/wp\/v2\/posts\/294\/revisions"}],"wp:attachment":[{"href":"https:\/\/userblogs.fu-berlin.de\/fsi_osi\/wp-json\/wp\/v2\/media?parent=294"}],"wp:term":[{"taxonomy":"category","embeddable":true,"href":"https:\/\/userblogs.fu-berlin.de\/fsi_osi\/wp-json\/wp\/v2\/categories?post=294"},{"taxonomy":"post_tag","embeddable":true,"href":"https:\/\/userblogs.fu-berlin.de\/fsi_osi\/wp-json\/wp\/v2\/tags?post=294"}],"curies":[{"name":"wp","href":"https:\/\/api.w.org\/{rel}","templated":true}]}}