{"id":295,"date":"2016-02-03T12:05:44","date_gmt":"2016-02-03T11:05:44","guid":{"rendered":"http:\/\/fsiosi.blogsport.de\/?p=295"},"modified":"2016-02-03T12:05:44","modified_gmt":"2016-02-03T11:05:44","slug":"offene-diskussion-zur-lehre-am-osi","status":"publish","type":"post","link":"https:\/\/userblogs.fu-berlin.de\/fsi_osi\/2016\/02\/03\/offene-diskussion-zur-lehre-am-osi\/","title":{"rendered":"Gestaltet eure Lehre mit! 10.02.16"},"content":{"rendered":"<p>Im letzten Sommersemester wurden bereits in einer durch die Ausbildungskommission (ABK) organisierten Veranstaltung Studierendenw\u00fcnsche gesammelt. Viele dieser W\u00fcnsche schlagen sich in der Lehrplanung des kommenden Sommersemesters nieder. So werden zum Beispiel Seminare zu den Themen Antisemitismus, Asyl und Migration, Postkolonialismus und marxistischer Theorie angeboten.<\/p>\n<p>So sehr wir diese Entwicklung begr\u00fc\u00dfen, sollten wir uns nat\u00fcrlich nicht auf diesem Erfolg ausruhen! Deshalb laden wir im Rahmen der ABK zum zweiten Mal zu einer offenen Diskussionsrunde ein. Bei der Veranstaltung wollen wir Vorschl\u00e4ge zu Themen sammeln, die wir uns in der Lehre w\u00fcnschen. Au\u00dferdem wird ein Einblick dazu gegeben, wie das Vorlesungsverzeichnis \u00fcberhaupt zustande kommt und an welchen Stellen wir Einfluss nehmen k\u00f6nnen.<\/p>\n<p>Auch darf das Erreichte nicht dar\u00fcber hinwegt\u00e4uschen, dass in einzelnen Bereichen die Studierendenw\u00fcnsche unber\u00fccksichtigt blieben. [ z.B. Politisches System der BRD] Ein gro\u00dfer Teil der Lehre am OSI wird au\u00dferdem durch Lehrbeauftrage abgedeckt. Um eine solche Besch\u00e4ftigung weiterhin attraktiv zu machen und somit die Vielfalt der Lehre am OSI zu f\u00f6rdern, fordern wir faire L\u00f6hne f\u00fcr die Betroffenen! Die \u00dcberf\u00fcllung einiger Seminare dieses Wintersemesters zeigt zudem, dass der Bedarf an Seminaren, die den Studierendenw\u00fcnschen entsprechen, sehr gro\u00df ist. Kommt daher zahlreich, damit eure W\u00fcnsche und Ideen Geh\u00f6r finden, in die Tat umgesetzt werden und die interessanten Seminare somit nicht jedes Mal komplett \u00fcberf\u00fcllt sind!<\/p>\n<p>Bringt eure Vorschl\u00e4ge f\u00fcr Themen und Seminare mit. Was hat euch gefehlt, wor\u00fcber w\u00fcrdet ihr gerne mehr lernen? Lasst euch dazu auch gerne von den alten Vorlesungsverzeichnissen inspirieren. Dies ist aber nat\u00fcrlich keine Voraussetzung.<\/p>\n<p>Im Anschluss an das Brainstorming wird es eine Diskussion mit den Bereichskoordinator*innen (also den Menschen, die in den einzelnen Bereichen f\u00fcr die Lehrplanung verantwortlich sind) geben. Mit ihnen sollen M\u00f6glichkeiten f\u00fcr eine weitere Einbindung der Studierenden in den Lehrplanungsprozess er\u00f6rtert werden. Diese Veranstaltung soll zum Ende jedes Semester stattfinden, um eine konsequente Beteiligung der Studierenden an der Lehrplanung zu verwirklichen! Kommt zahlreich! <\/p>\n<p>10.02.2016 um 16 Uhr<br \/>\nIhnestr. 21, H\u00f6rsaal A!<\/p>\n<p>F\u00fcr mehr Selbstbestimmung im Studium!<\/p>\n<p>Eure FSI*OSI<\/p>\n","protected":false},"excerpt":{"rendered":"<p>Im letzten Sommersemester wurden bereits in einer durch die Ausbildungskommission (ABK) organisierten Veranstaltung Studierendenw\u00fcnsche gesammelt. Viele dieser W\u00fcnsche schlagen sich in der Lehrplanung des kommenden Sommersemesters nieder. So werden zum Beispiel Seminare zu den Themen Antisemitismus, Asyl und Migration, Postkolonialismus und marxistischer Theorie angeboten. So sehr wir diese Entwicklung begr\u00fc\u00dfen, sollten wir uns nat\u00fcrlich nicht &hellip; <a href=\"https:\/\/userblogs.fu-berlin.de\/fsi_osi\/2016\/02\/03\/offene-diskussion-zur-lehre-am-osi\/\" class=\"more-link\"><span class=\"screen-reader-text\">\u201eGestaltet eure Lehre mit! 10.02.16\u201c<\/span> weiterlesen<\/a><\/p>\n","protected":false},"author":6075,"featured_media":0,"comment_status":"open","ping_status":"open","sticky":false,"template":"","format":"standard","meta":{"footnotes":""},"categories":[91,463640,463349],"tags":[],"class_list":["post-295","post","type-post","status-publish","format-standard","hentry","category-allgemein","category-ankuendigungen","category-osi"],"_links":{"self":[{"href":"https:\/\/userblogs.fu-berlin.de\/fsi_osi\/wp-json\/wp\/v2\/posts\/295","targetHints":{"allow":["GET"]}}],"collection":[{"href":"https:\/\/userblogs.fu-berlin.de\/fsi_osi\/wp-json\/wp\/v2\/posts"}],"about":[{"href":"https:\/\/userblogs.fu-berlin.de\/fsi_osi\/wp-json\/wp\/v2\/types\/post"}],"author":[{"embeddable":true,"href":"https:\/\/userblogs.fu-berlin.de\/fsi_osi\/wp-json\/wp\/v2\/users\/6075"}],"replies":[{"embeddable":true,"href":"https:\/\/userblogs.fu-berlin.de\/fsi_osi\/wp-json\/wp\/v2\/comments?post=295"}],"version-history":[{"count":0,"href":"https:\/\/userblogs.fu-berlin.de\/fsi_osi\/wp-json\/wp\/v2\/posts\/295\/revisions"}],"wp:attachment":[{"href":"https:\/\/userblogs.fu-berlin.de\/fsi_osi\/wp-json\/wp\/v2\/media?parent=295"}],"wp:term":[{"taxonomy":"category","embeddable":true,"href":"https:\/\/userblogs.fu-berlin.de\/fsi_osi\/wp-json\/wp\/v2\/categories?post=295"},{"taxonomy":"post_tag","embeddable":true,"href":"https:\/\/userblogs.fu-berlin.de\/fsi_osi\/wp-json\/wp\/v2\/tags?post=295"}],"curies":[{"name":"wp","href":"https:\/\/api.w.org\/{rel}","templated":true}]}}