{"id":302,"date":"2015-06-17T18:13:20","date_gmt":"2015-06-17T17:13:20","guid":{"rendered":"http:\/\/fsiosi.blogsport.de\/?p=302"},"modified":"2015-06-17T18:13:20","modified_gmt":"2015-06-17T17:13:20","slug":"bericht-aus-dem-institutsrat-am-17-06-15","status":"publish","type":"post","link":"https:\/\/userblogs.fu-berlin.de\/fsi_osi\/2015\/06\/17\/bericht-aus-dem-institutsrat-am-17-06-15\/","title":{"rendered":"Bericht aus dem Institutsrat am 17.06.2015"},"content":{"rendered":"<p><strong>Gute Nachrichten: Erfolg im Institutsrat<\/strong><\/p>\n<p>&#8211; Nach dem monatelangen Kampf um die Ersti-Tutorien verpflichtet sich das Institut, 20 Tutorien (27.000 \u20ac) zu finanzieren! Damit sind die Ersti-Tutorien auch f\u00fcr Nebenf\u00e4chler*innen gesichert. Problematisch bleibt allerdings, dass 1 Tutor*in mit 1 SHK-Vertrag 2 Tutorien geben muss. Bezahlt wird immerhin endlich nach regul\u00e4ren 41-Monatsstunden-Vertr\u00e4gen.<\/p>\n<p>&#8211; Der studentischen Forderung folgend, distanziert sich der Institutsrat in einer Stellungnahme vom Vortrag Andreas Schl\u00fcters, seinen Verschw\u00f6rungstheorien und antisemitischen Aussagen.<\/p>\n<p>&#8211; Auf Antrag der FSI*OSI wurde die Denomination f\u00fcr die neue Professur &#8222;Vergleichende Politikwissenschaft Schwerpunkt Deutschland \/ Frankreich&#8220; um die Punkte &#8222;Kenntnisse zur deutsch-franz\u00f6sischen Geschichte unter Ber\u00fccksichtigung der Zeit des Nationalsozialismus und der deutsch-franz\u00f6sischen Kolonialgeschichte&#8220; sowie &#8222;Kompetenzen im Bereich Gender und Vielfalt&#8220; unter &#8222;gew\u00fcnschte Anforderungen&#8220; erweitert.<\/p>\n","protected":false},"excerpt":{"rendered":"<p>Gute Nachrichten: Erfolg im Institutsrat &#8211; Nach dem monatelangen Kampf um die Ersti-Tutorien verpflichtet sich das Institut, 20 Tutorien (27.000 \u20ac) zu finanzieren! Damit sind die Ersti-Tutorien auch f\u00fcr Nebenf\u00e4chler*innen gesichert. Problematisch bleibt allerdings, dass 1 Tutor*in mit 1 SHK-Vertrag 2 Tutorien geben muss. Bezahlt wird immerhin endlich nach regul\u00e4ren 41-Monatsstunden-Vertr\u00e4gen. &#8211; Der studentischen Forderung &hellip; <a href=\"https:\/\/userblogs.fu-berlin.de\/fsi_osi\/2015\/06\/17\/bericht-aus-dem-institutsrat-am-17-06-15\/\" class=\"more-link\"><span class=\"screen-reader-text\">\u201eBericht aus dem Institutsrat am 17.06.2015\u201c<\/span> weiterlesen<\/a><\/p>\n","protected":false},"author":6075,"featured_media":0,"comment_status":"open","ping_status":"open","sticky":false,"template":"","format":"standard","meta":{"footnotes":""},"categories":[91,464170,463967,464645,463349],"tags":[],"class_list":["post-302","post","type-post","status-publish","format-standard","hentry","category-allgemein","category-gremienarbeit","category-hochschulpolitik","category-institutsrat-i-rat","category-osi"],"_links":{"self":[{"href":"https:\/\/userblogs.fu-berlin.de\/fsi_osi\/wp-json\/wp\/v2\/posts\/302","targetHints":{"allow":["GET"]}}],"collection":[{"href":"https:\/\/userblogs.fu-berlin.de\/fsi_osi\/wp-json\/wp\/v2\/posts"}],"about":[{"href":"https:\/\/userblogs.fu-berlin.de\/fsi_osi\/wp-json\/wp\/v2\/types\/post"}],"author":[{"embeddable":true,"href":"https:\/\/userblogs.fu-berlin.de\/fsi_osi\/wp-json\/wp\/v2\/users\/6075"}],"replies":[{"embeddable":true,"href":"https:\/\/userblogs.fu-berlin.de\/fsi_osi\/wp-json\/wp\/v2\/comments?post=302"}],"version-history":[{"count":0,"href":"https:\/\/userblogs.fu-berlin.de\/fsi_osi\/wp-json\/wp\/v2\/posts\/302\/revisions"}],"wp:attachment":[{"href":"https:\/\/userblogs.fu-berlin.de\/fsi_osi\/wp-json\/wp\/v2\/media?parent=302"}],"wp:term":[{"taxonomy":"category","embeddable":true,"href":"https:\/\/userblogs.fu-berlin.de\/fsi_osi\/wp-json\/wp\/v2\/categories?post=302"},{"taxonomy":"post_tag","embeddable":true,"href":"https:\/\/userblogs.fu-berlin.de\/fsi_osi\/wp-json\/wp\/v2\/tags?post=302"}],"curies":[{"name":"wp","href":"https:\/\/api.w.org\/{rel}","templated":true}]}}