{"id":314,"date":"2017-01-29T12:06:55","date_gmt":"2017-01-29T11:06:55","guid":{"rendered":"http:\/\/fsiosi.blogsport.de\/?p=314"},"modified":"2017-01-29T12:06:55","modified_gmt":"2017-01-29T11:06:55","slug":"stellungnahme-zur-debatte-ueber-antisemitismusvorwuerfe-gegen-die-lehrbeauftragte-eleonora-roldan-mendivil","status":"publish","type":"post","link":"https:\/\/userblogs.fu-berlin.de\/fsi_osi\/2017\/01\/29\/stellungnahme-zur-debatte-ueber-antisemitismusvorwuerfe-gegen-die-lehrbeauftragte-eleonora-roldan-mendivil\/","title":{"rendered":"Stellungnahme zur Debatte \u00fcber Antisemitismusvorw\u00fcrfe gegen die Lehrbeauftragte Eleonora Rold\u00e1n Mend\u00edvil"},"content":{"rendered":"<p><strong>Stellungnahme zur Debatte \u00fcber Antisemitismusvorw\u00fcrfe gegen die Lehrbeauftragte Eleonora Rold\u00e1n Mend\u00edvil:<\/strong><\/p>\n<p>Wir verurteilen den Versuch, die vorgebrachte Kritik der Gruppe &#8222;Gegen jeden Antisemitismus FU Berlin&#8220; [1] an den inhaltlichen Aussagen der Lehrbeauftragten Eleonora Rold\u00e1n Mend\u00edvil als Teil einer &#8222;pro-zionistische[n] Hetze&#8220; [2], wahlweise &#8222;rechter, pro-kolonialer und gro\u00dfkapitalistischer Allianzen&#8220; [3] umzudeuten. Eine solche Umdeutung, die vor allem dazu dient, der Gruppe den Status einer legitimen Gespr\u00e4chspartnerin zu entziehen, tr\u00e4gt nicht zu der geforderten &#8222;offenen Diskussion&#8220; [4] \u00fcber Inhalte bei. <\/p>\n<p>Wir sprechen f\u00fcr uns selbst. Weder wir noch andere Gruppen sollten den Anspruch erheben, f\u00fcr die gesamte Studierendenschaft zu sprechen. Wir wehren uns dagegen, von anderen Gruppen vereinnahmt oder ohne Absprache verlinkt zu werden.<\/p>\n<p>Die Behauptung Rold\u00e1n Mend\u00edvil sei &#8222;suspendiert&#8220; [5] worden, ist sachlich falsch. Sie wird in diesem Semester weiter im Rahmen ihres Seminars &#8222;Rassismus im Kapitalismus&#8220; lehren. Auch die teilweise ge\u00e4u\u00dferte Annahme, sie habe bereits die Zusage f\u00fcr eine Lehrt\u00e4tigkeit im kommenden Semester gehabt, ist nicht zutreffend. Die Lehrplanung f\u00fcr das kommende Semester wurde bisher noch nicht vom Institutsrat beschlossen.<\/p>\n<p>Generell gibt es kein Recht auf einen Lehrauftrag. Lehrauftr\u00e4ge, wie im vorliegenden Fall, sind einmalige Vertr\u00e4ge, beschr\u00e4nkt auf ein Semester und ein Seminar (also ohne festes Anstellungsverh\u00e4ltnis, weswegen wir diese in ihrer derzeitigen Form grunds\u00e4tzlich als Teil prek\u00e4rer Besch\u00e4ftigung kritisieren). Das OSI entscheidet im Institutsrat allgemein \u00fcber das Lehrangebot f\u00fcr das jeweils folgende Semester und damit auch \u00fcber alle Lehrauftr\u00e4ge. Rold\u00e1n Mend\u00edvil wird vom Lehrplanungsprozess, in den Lehrauftr\u00e4ge eingereicht werden k\u00f6nnen, ausgenommen, bis das Institut die Pr\u00fcfung der vorgebrachten Vorw\u00fcrfe abgeschlossen hat [6].<\/p>\n<p>Wir sprechen uns gegen jede Instrumentalisierung des Falls zur Versch\u00e4rfung der allgemeinen Kriterien f\u00fcr die Vergabe von Lehrauftr\u00e4gen aus. Es sollten nicht unn\u00f6tigerweise zus\u00e4tzliche H\u00fcrden geschaffen werden, die eine Lehrt\u00e4tigkeit am OSI erschweren.<\/p>\n<p>Wir begr\u00fc\u00dfen eine inhaltliche Auseinandersetzung mit den kritisierten \u00c4u\u00dferungen Rold\u00e1n Mend\u00edvils und die wissenschaftliche Pr\u00fcfung des Falls durch ein externes Gutachten. Wie im Institutsrat vom 18.01. bekanntgegeben, wird dieses von Wolfgang Benz, dem ehemaligen Leiter des Zentrums f\u00fcr Antisemitismusforschung an der TU Berlin, angefertigt werden. Wir begr\u00fc\u00dfen den Vorschlag aus dem akademischen Mittelbau des OSI, eine zweite Person zur Pr\u00fcfung hinzuzuziehen.<\/p>\n<p>Die FSI*OSI spricht sich gegen jeden Versuch aus, das Existenzrecht Israels in Frage zu stellen. Aufrufe zur Intifada halten wir f\u00fcr nicht tolerierbar [7].<\/p>\n<p>Auch Versuche, Antisemitismus mit Rassismus gleichzusetzen und als blo\u00dfe Spielart von Letzterem zu begreifen, zeugen von einem unterkomplexen Theorieverst\u00e4ndnis, das dem wissenschaftlichen Forschungsstand nicht gerecht wird.<\/p>\n<p>FSI*OSI<\/p>\n<p>[1]<br \/>\n<a href=\"https:\/\/www.facebook.com\/notes\/gegen-jeden-antisemitismus-fu-berlin\/schreiben-an-das-pr%C3%A4sidium-der-fu\/610365752482738\">https:\/\/www.facebook.com\/notes\/gegen-jeden-antisemitismus-fu-berlin\/schreiben-an-das-pr%C3%A4sidium-der-fu\/610365752482738<\/a>,<br \/>\nund <a href=\"https:\/\/www.facebook.com\/gegenjedenasfuberlin\/posts\/613033108882669\">https:\/\/www.facebook.com\/gegenjedenasfuberlin\/posts\/613033108882669<\/a><\/p>\n<p>[2]<br \/>\n<a href=\"https:\/\/www.klassegegenklasse.org\/pro-zionistische-hetze-gegen-marxistische-dozentin\/\">https:\/\/www.klassegegenklasse.org\/pro-zionistische-hetze-gegen-marxistische-dozentin\/<\/a><\/p>\n<p>[3]<br \/>\n<a href=\"http:\/\/lowerclassmag.com\/2017\/01\/rechter-angriff-auf-kritische-wissenschaftlerin-an-der-fu-berlin\/\">http:\/\/lowerclassmag.com\/2017\/01\/rechter-angriff-auf-kritische-wissenschaftlerin-an-der-fu-berlin\/<\/a><\/p>\n<p>[4]<br \/>\n<a href=\"https:\/\/www.change.org\/p\/hochschulinitiative-f%C3%BCr-kritische-lehre-f%C3%BCr-eine-offene-diskussion-keine-vorverurteilung-der-lehrbeauftragten-e-rold%C3%A1n-mend%C3%ADvil\">https:\/\/www.change.org\/p\/hochschulinitiative-f%C3%BCr-kritische-lehre-f%C3%BCr-eine-offene-diskussion-keine-vorverurteilung-der-lehrbeauftragten-e-rold%C3%A1n-mend%C3%ADvil<\/a><\/p>\n<p>[5]<br \/>\n<a href=\"http:\/\/lowerclassmag.com\/2017\/01\/rechter-angriff-auf-kritische-wissenschaftlerin-an-der-fu-berlin\/\">http:\/\/lowerclassmag.com\/2017\/01\/rechter-angriff-auf-kritische-wissenschaftlerin-an-der-fu-berlin\/<\/a><br \/>\nund <a href=\"http:\/\/taz.de\/Kommentar-Antisemitismus-Vorwuerfe\/!5371977\/\">http:\/\/taz.de\/Kommentar-Antisemitismus-Vorwuerfe\/!5371977\/<\/a><\/p>\n<p>[6]<br \/>\n<a href=\"http:\/\/www.polsoz.fu-berlin.de\/polwiss\/_elemente_startseite\/4spalten_links\/Material\/Stellungnahme-zum-Vorwurf-Antisemitismus_09_01_17.pdf\">http:\/\/www.polsoz.fu-berlin.de\/polwiss\/_elemente_startseite\/4spalten_links\/Material\/Stellungnahme-zum-Vorwurf-Antisemitismus_09_01_17.pdf<\/a><\/p>\n<p>[7]<br \/>\n<a href=\"https:\/\/www.facebook.com\/friedensdemowatch\/videos\/1229481440439443\/\">https:\/\/www.facebook.com\/friedensdemowatch\/videos\/1229481440439443\/<\/a> (am Anfang des Videos) <\/p>\n","protected":false},"excerpt":{"rendered":"<p>Stellungnahme zur Debatte \u00fcber Antisemitismusvorw\u00fcrfe gegen die Lehrbeauftragte Eleonora Rold\u00e1n Mend\u00edvil: Wir verurteilen den Versuch, die vorgebrachte Kritik der Gruppe &#8222;Gegen jeden Antisemitismus FU Berlin&#8220; [1] an den inhaltlichen Aussagen der Lehrbeauftragten Eleonora Rold\u00e1n Mend\u00edvil als Teil einer &#8222;pro-zionistische[n] Hetze&#8220; [2], wahlweise &#8222;rechter, pro-kolonialer und gro\u00dfkapitalistischer Allianzen&#8220; [3] umzudeuten. Eine solche Umdeutung, die vor allem &hellip; <a href=\"https:\/\/userblogs.fu-berlin.de\/fsi_osi\/2017\/01\/29\/stellungnahme-zur-debatte-ueber-antisemitismusvorwuerfe-gegen-die-lehrbeauftragte-eleonora-roldan-mendivil\/\" class=\"more-link\"><span class=\"screen-reader-text\">\u201eStellungnahme zur Debatte \u00fcber Antisemitismusvorw\u00fcrfe gegen die Lehrbeauftragte Eleonora Rold\u00e1n Mend\u00edvil\u201c<\/span> weiterlesen<\/a><\/p>\n","protected":false},"author":6075,"featured_media":0,"comment_status":"open","ping_status":"open","sticky":false,"template":"","format":"standard","meta":{"footnotes":""},"categories":[91,463349],"tags":[],"class_list":["post-314","post","type-post","status-publish","format-standard","hentry","category-allgemein","category-osi"],"_links":{"self":[{"href":"https:\/\/userblogs.fu-berlin.de\/fsi_osi\/wp-json\/wp\/v2\/posts\/314","targetHints":{"allow":["GET"]}}],"collection":[{"href":"https:\/\/userblogs.fu-berlin.de\/fsi_osi\/wp-json\/wp\/v2\/posts"}],"about":[{"href":"https:\/\/userblogs.fu-berlin.de\/fsi_osi\/wp-json\/wp\/v2\/types\/post"}],"author":[{"embeddable":true,"href":"https:\/\/userblogs.fu-berlin.de\/fsi_osi\/wp-json\/wp\/v2\/users\/6075"}],"replies":[{"embeddable":true,"href":"https:\/\/userblogs.fu-berlin.de\/fsi_osi\/wp-json\/wp\/v2\/comments?post=314"}],"version-history":[{"count":0,"href":"https:\/\/userblogs.fu-berlin.de\/fsi_osi\/wp-json\/wp\/v2\/posts\/314\/revisions"}],"wp:attachment":[{"href":"https:\/\/userblogs.fu-berlin.de\/fsi_osi\/wp-json\/wp\/v2\/media?parent=314"}],"wp:term":[{"taxonomy":"category","embeddable":true,"href":"https:\/\/userblogs.fu-berlin.de\/fsi_osi\/wp-json\/wp\/v2\/categories?post=314"},{"taxonomy":"post_tag","embeddable":true,"href":"https:\/\/userblogs.fu-berlin.de\/fsi_osi\/wp-json\/wp\/v2\/tags?post=314"}],"curies":[{"name":"wp","href":"https:\/\/api.w.org\/{rel}","templated":true}]}}