{"id":321,"date":"2017-04-22T16:25:23","date_gmt":"2017-04-22T15:25:23","guid":{"rendered":"http:\/\/fsiosi.blogsport.de\/?p=321"},"modified":"2017-04-22T16:25:23","modified_gmt":"2017-04-22T15:25:23","slug":"tresen-24-04-17-doku-kontinuitaeten-der-ausgrenzung","status":"publish","type":"post","link":"https:\/\/userblogs.fu-berlin.de\/fsi_osi\/2017\/04\/22\/tresen-24-04-17-doku-kontinuitaeten-der-ausgrenzung\/","title":{"rendered":"Tresen: 24.04.17, Doku: Kontinuit\u00e4ten der Ausgrenzung"},"content":{"rendered":"<p>&#8211; allmonatlicher Tresen der FSI*OSI am 24.04.2017 &#8211;<\/p>\n<p>Im Nationalsozialismus wurden sogenannte \u201eAsoziale\u201c stigmatisiert, verfolgt, gequ\u00e4lt und ermordet. 1945 bildet hierbei jedoch keinen Bruch sondern gesellschaftliche Verh\u00e4ltnisse, die durch die nationalsozialistische Ideologie gepr\u00e4gt wurden bestehen teilweise fort. Die im Jugendkonzentrationslager Uckermark Inhaftierten z\u00e4hlten lange Zeit zu den \u201cvergessenen Verfolgten\u201d des Nationalsozialismus und haben keine \u00f6ffentliche Anerkennung erfahren.<br \/>\nDer Dokumentarfilm \u201e\u2026dass das heute noch immer so ist \u2013 Kontinuit\u00e4ten der Ausgrenzung\u201c zeigt dies exemplarisch an der Geschichte von Maria Potrzeba auf. Vor dem Film wird eine Person von der Initiative f\u00fcr einen Gedenkort ehemaliges KZ Uckermark e.V. einen kurzen Vortrag zur aktuellen Situation des Gedenkorts halten. Anschlie\u00dfend an den Film wird ein Mensch aus dem Filmteam, f\u00fcr Fragen und Diskussion zur Verf\u00fcgung stehen.<\/p>\n<p>(Hintergrund)Infos zu dem Film findet ihr hier: <a href=\"http:\/\/film-kontinuitaeten-heutenoch.de\/\">http:\/\/film-kontinuitaeten-heutenoch.de\/<\/a><br \/>\nInfos zu der Gedenkort Initiative gibt es hier: <a href=\"http:\/\/www.gedenkort-kz-uckermark.de\/\">http:\/\/www.gedenkort-kz-uckermark.de\/<\/a><\/p>\n<p>Der Tresen wird ab 19 Uhr ge\u00f6ffnet sein, ab 19:30 Uhr beginnt die Veranstaltung.<\/p>\n<p>Ort: Bandito Rosso, Lottumstra\u00dfe 10A, 10119 Berlin<br \/>\nEintritt wie immer frei<\/p>\n","protected":false},"excerpt":{"rendered":"<p>&#8211; allmonatlicher Tresen der FSI*OSI am 24.04.2017 &#8211; Im Nationalsozialismus wurden sogenannte \u201eAsoziale\u201c stigmatisiert, verfolgt, gequ\u00e4lt und ermordet. 1945 bildet hierbei jedoch keinen Bruch sondern gesellschaftliche Verh\u00e4ltnisse, die durch die nationalsozialistische Ideologie gepr\u00e4gt wurden bestehen teilweise fort. Die im Jugendkonzentrationslager Uckermark Inhaftierten z\u00e4hlten lange Zeit zu den \u201cvergessenen Verfolgten\u201d des Nationalsozialismus und haben keine \u00f6ffentliche &hellip; <a href=\"https:\/\/userblogs.fu-berlin.de\/fsi_osi\/2017\/04\/22\/tresen-24-04-17-doku-kontinuitaeten-der-ausgrenzung\/\" class=\"more-link\"><span class=\"screen-reader-text\">\u201eTresen: 24.04.17, Doku: Kontinuit\u00e4ten der Ausgrenzung\u201c<\/span> weiterlesen<\/a><\/p>\n","protected":false},"author":6075,"featured_media":0,"comment_status":"open","ping_status":"open","sticky":false,"template":"","format":"standard","meta":{"footnotes":""},"categories":[91,463640,465332],"tags":[],"class_list":["post-321","post","type-post","status-publish","format-standard","hentry","category-allgemein","category-ankuendigungen","category-tresen"],"_links":{"self":[{"href":"https:\/\/userblogs.fu-berlin.de\/fsi_osi\/wp-json\/wp\/v2\/posts\/321","targetHints":{"allow":["GET"]}}],"collection":[{"href":"https:\/\/userblogs.fu-berlin.de\/fsi_osi\/wp-json\/wp\/v2\/posts"}],"about":[{"href":"https:\/\/userblogs.fu-berlin.de\/fsi_osi\/wp-json\/wp\/v2\/types\/post"}],"author":[{"embeddable":true,"href":"https:\/\/userblogs.fu-berlin.de\/fsi_osi\/wp-json\/wp\/v2\/users\/6075"}],"replies":[{"embeddable":true,"href":"https:\/\/userblogs.fu-berlin.de\/fsi_osi\/wp-json\/wp\/v2\/comments?post=321"}],"version-history":[{"count":0,"href":"https:\/\/userblogs.fu-berlin.de\/fsi_osi\/wp-json\/wp\/v2\/posts\/321\/revisions"}],"wp:attachment":[{"href":"https:\/\/userblogs.fu-berlin.de\/fsi_osi\/wp-json\/wp\/v2\/media?parent=321"}],"wp:term":[{"taxonomy":"category","embeddable":true,"href":"https:\/\/userblogs.fu-berlin.de\/fsi_osi\/wp-json\/wp\/v2\/categories?post=321"},{"taxonomy":"post_tag","embeddable":true,"href":"https:\/\/userblogs.fu-berlin.de\/fsi_osi\/wp-json\/wp\/v2\/tags?post=321"}],"curies":[{"name":"wp","href":"https:\/\/api.w.org\/{rel}","templated":true}]}}